{"id":11,"date":"2012-06-01T16:23:40","date_gmt":"2012-06-01T14:23:40","guid":{"rendered":"http:\/\/www.vallespir.cat\/?p=11"},"modified":"2012-06-18T10:42:17","modified_gmt":"2012-06-18T08:42:17","slug":"lorem-ipsum-dolor-sit-amet","status":"publish","type":"post","link":"https:\/\/vallespir.cat\/?p=11","title":{"rendered":"Festa de Sant Joan 2012 al Vallespir"},"content":{"rendered":"<p><strong>Festa de Sant Joan 2012 al Vallespir, el 23 de juny de 2012<\/strong><\/p>\n<p>L\u2019any 1955 l\u2019arlesenc Francesc Pujade decid\u00ed de fer ren\u00e8ixer l\u2019antiga tradici\u00f3 dels \u2028Focs de la Sant Joan encenent un foc al cim del Canig\u00f3, la muntanya m\u00edtica dels catalans. A la vila d\u2019Arles de Tec la tradici\u00f3 ha continuat gr\u00e0cies a Renat Poch i \u2028Dom\u00e8nec Salvat, anys m\u00e9s tard Joan Pere Verg\u00e8s que l\u2019any 1977, a m\u00e9s d\u2019organitzar els focs, cre\u00e0 el grup <em>El Belmaig Cantant,<\/em> i tornava a fer reviure la tradici\u00f3 dels\u2028 Goigs dels Ous per Pasq\u00fca.\u2028 L\u2019any 1985 Christine Coste i Pere Bouzage creen amb una quarantena d\u2019amics el <em>Comit\u00e8 Arlesenc dels Focs de la Sant Joan<\/em> a la vila del pare i fundador dels focs de la Sant Joan,\u2028 perqu\u00e8 continu\u00ef brillant definitivament en el cor dels arlesencs aquesta flama, s\u00edmbol de la nostra catalanitat per\u00f2 tamb\u00e9 s\u00edmbol de pau i d\u2019amistat entre els pobles.\u2028 La trobada al cim del Canig\u00f3 es fa cada any el 23 de juny amb els nostres amics de l\u2019associaci\u00f3 <em>\u00abTradicions Catalanes i Focs de la Sant Joan\u00bb<\/em> de Sant Joan de Pla de Corts.\u2028 Despr\u00e9s es comen\u00e7a la baixada pel GR 10 amb la Flama del Canig\u00f3 regenerada al cim. La transmissi\u00f3 de la flama es fa primer als\u2028 vilatges ve\u00efns, i a les nombroses delegacions vingudes d\u2019arreu de les terres catalanes. Al vespre, a tots els vilatges i viles del Vallespir es fan ballets, sardanes i encesa del foc a dos quarts d\u2019onze,\u2028 amb la venda dels rams d\u2019herbes de la Sant Joan i ball amb coques i rosquilles.\u2028 A Arles de Tec s\u2019ha organitzat els anys 1987, 1995 i 2005 el congr\u00e9s internacional dels Focs de la Sant Joan amb parlaments, gran assist\u00e8ncia de p\u00fablic i un gran sopar de germanor\u00a0 (Text de Pere Bouzage).<\/p>\n<p>Enguany la festa de Sant Joan s\u2019organitza com els anys anteriors amb una festa a Costoja organitzada per l\u2019ajuntament en col\u00b7laboraci\u00f3 amb en Joan Igl\u00e9sies i l\u2019assist\u00e8ncia dels amics de Ma\u00e7anet de Cabrenys per la transmissi\u00f3 de la flama del Canig\u00f3 vers l\u2019alt Empord\u00e0 passant pel coll de Costoja. La rebuda de la flama del Canig\u00f3 \u00e9s fa primer al Pas del Llop, i cap a les 5 de la tarda arriba a Costoja, es fa una desfilada amb la flama acompanyada per diverses entitats i autoritats fins a l&#8217;estela de la Retirada. A continuaci\u00f3 hi ha l\u2019acollida dels amics de l&#8217;Alt Empord\u00e0,\u00a0 transmissi\u00f3\u00a0de la Flama i la lectura del missatge de Sant Joan. Despr\u00e9s dels parlaments l\u2019ajuntament invita a un pica-pica a la Casa Transfronterera. Finalment s\u2019organitza una sardana de germanor i l\u2019encesa del foc de St Joan a dos quats donze (text de Joan Igl\u00e9sies).<\/p>\n","protected":false},"excerpt":{"rendered":"<p>Festa de Sant Joan 2012 al Vallespir, el 23 de juny de 2012 L\u2019any 1955 l\u2019arlesenc Francesc Pujade decid\u00ed de fer ren\u00e8ixer l\u2019antiga tradici\u00f3 dels \u2028Focs de la Sant Joan encenent un foc al cim del Canig\u00f3, la muntanya m\u00edtica dels catalans. A la vila d\u2019Arles de Tec la tradici\u00f3 ha continuat gr\u00e0cies a Renat [&hellip;]<\/p>\n","protected":false},"author":1,"featured_media":97,"comment_status":"open","ping_status":"open","sticky":false,"template":"","format":"standard","meta":{"footnotes":""},"categories":[3,7],"tags":[],"class_list":["post-11","post","type-post","status-publish","format-standard","has-post-thumbnail","hentry","category-destacat","category-festes-catalanes"],"_links":{"self":[{"href":"https:\/\/vallespir.cat\/index.php?rest_route=\/wp\/v2\/posts\/11","targetHints":{"allow":["GET"]}}],"collection":[{"href":"https:\/\/vallespir.cat\/index.php?rest_route=\/wp\/v2\/posts"}],"about":[{"href":"https:\/\/vallespir.cat\/index.php?rest_route=\/wp\/v2\/types\/post"}],"author":[{"embeddable":true,"href":"https:\/\/vallespir.cat\/index.php?rest_route=\/wp\/v2\/users\/1"}],"replies":[{"embeddable":true,"href":"https:\/\/vallespir.cat\/index.php?rest_route=%2Fwp%2Fv2%2Fcomments&post=11"}],"version-history":[{"count":7,"href":"https:\/\/vallespir.cat\/index.php?rest_route=\/wp\/v2\/posts\/11\/revisions"}],"predecessor-version":[{"id":85,"href":"https:\/\/vallespir.cat\/index.php?rest_route=\/wp\/v2\/posts\/11\/revisions\/85"}],"wp:featuredmedia":[{"embeddable":true,"href":"https:\/\/vallespir.cat\/index.php?rest_route=\/wp\/v2\/media\/97"}],"wp:attachment":[{"href":"https:\/\/vallespir.cat\/index.php?rest_route=%2Fwp%2Fv2%2Fmedia&parent=11"}],"wp:term":[{"taxonomy":"category","embeddable":true,"href":"https:\/\/vallespir.cat\/index.php?rest_route=%2Fwp%2Fv2%2Fcategories&post=11"},{"taxonomy":"post_tag","embeddable":true,"href":"https:\/\/vallespir.cat\/index.php?rest_route=%2Fwp%2Fv2%2Ftags&post=11"}],"curies":[{"name":"wp","href":"https:\/\/api.w.org\/{rel}","templated":true}]}}