{"id":115,"date":"2012-09-24T09:16:44","date_gmt":"2012-09-24T07:16:44","guid":{"rendered":"http:\/\/www.vallespir.cat\/?p=115"},"modified":"2012-09-24T09:16:44","modified_gmt":"2012-09-24T07:16:44","slug":"2a-festa-associacions-culturals-catalanes-del-vallespir","status":"publish","type":"post","link":"https:\/\/vallespir.cat\/?p=115","title":{"rendered":"2\u00aa Festa Associacions Culturals Catalanes del Vallespir"},"content":{"rendered":"<h1>Dissabte, 6 d&#8217;octubre de 2012<\/h1>\n<p><strong>Arles, a la sale de festes, de les 10 del mat\u00ed fins a les 6 de la tarda.<\/strong><\/p>\n<p>Amb l&#8217;animaci\u00f3 de R\u00e0dio Arrels<\/p>\n<p>Sardanes, teatre, havaneres, danses, jocs, exposicions, can\u00e7ons i m\u00fasica en viu.<\/p>\n<p>Entrada Gratu\u00efta<\/p>\n<p><a href=\"http:\/\/www.vallespir.cat\/pdf\/2a_festa_cccv.pdf\" target=\"_blank\">Document pdf<\/a><\/p>\n","protected":false},"excerpt":{"rendered":"<p>Dissabte, 6 d&#8217;octubre de 2012 Arles, a la sale de festes, de les 10 del mat\u00ed fins a les 6 de la tarda. Amb l&#8217;animaci\u00f3 de R\u00e0dio Arrels Sardanes, teatre, havaneres, danses, jocs, exposicions, can\u00e7ons i m\u00fasica en viu. Entrada Gratu\u00efta Document pdf<\/p>\n","protected":false},"author":1,"featured_media":117,"comment_status":"open","ping_status":"open","sticky":false,"template":"","format":"standard","meta":{"footnotes":""},"categories":[6],"tags":[],"class_list":["post-115","post","type-post","status-publish","format-standard","has-post-thumbnail","hentry","category-activitats-culturals"],"_links":{"self":[{"href":"https:\/\/vallespir.cat\/index.php?rest_route=\/wp\/v2\/posts\/115","targetHints":{"allow":["GET"]}}],"collection":[{"href":"https:\/\/vallespir.cat\/index.php?rest_route=\/wp\/v2\/posts"}],"about":[{"href":"https:\/\/vallespir.cat\/index.php?rest_route=\/wp\/v2\/types\/post"}],"author":[{"embeddable":true,"href":"https:\/\/vallespir.cat\/index.php?rest_route=\/wp\/v2\/users\/1"}],"replies":[{"embeddable":true,"href":"https:\/\/vallespir.cat\/index.php?rest_route=%2Fwp%2Fv2%2Fcomments&post=115"}],"version-history":[{"count":1,"href":"https:\/\/vallespir.cat\/index.php?rest_route=\/wp\/v2\/posts\/115\/revisions"}],"predecessor-version":[{"id":118,"href":"https:\/\/vallespir.cat\/index.php?rest_route=\/wp\/v2\/posts\/115\/revisions\/118"}],"wp:featuredmedia":[{"embeddable":true,"href":"https:\/\/vallespir.cat\/index.php?rest_route=\/wp\/v2\/media\/117"}],"wp:attachment":[{"href":"https:\/\/vallespir.cat\/index.php?rest_route=%2Fwp%2Fv2%2Fmedia&parent=115"}],"wp:term":[{"taxonomy":"category","embeddable":true,"href":"https:\/\/vallespir.cat\/index.php?rest_route=%2Fwp%2Fv2%2Fcategories&post=115"},{"taxonomy":"post_tag","embeddable":true,"href":"https:\/\/vallespir.cat\/index.php?rest_route=%2Fwp%2Fv2%2Ftags&post=115"}],"curies":[{"name":"wp","href":"https:\/\/api.w.org\/{rel}","templated":true}]}}