{"id":119,"date":"2012-10-10T12:25:31","date_gmt":"2012-10-10T10:25:31","guid":{"rendered":"http:\/\/www.vallespir.cat\/?p=119"},"modified":"2012-10-10T12:30:24","modified_gmt":"2012-10-10T10:30:24","slug":"iii-jornades-lemporda-el-paisatge-com-a-actiu-economic","status":"publish","type":"post","link":"https:\/\/vallespir.cat\/?p=119","title":{"rendered":"III Jornades, &#8220;l&#8217;Empord\u00e0, el paisatge com a actiu econ\u00f2mic&#8221;"},"content":{"rendered":"<p>Benvolguts amics,<\/p>\n<p>El dimarts dia 16 d&#8217;octubre, a les 19:00 h, es far\u00e0 la confer\u00e8ncia inaugural de les III Jornades sobre &#8220;l&#8217;Empord\u00e0, el paisatge com a actiu econ\u00f2mic&#8221;, sota la c\u00fapula del Teatre-museu Dal\u00ed.<br \/>\nAnir\u00e0 a c\u00e0rrec d&#8217;Enric Ruiz-Geli de elBulliFoundation, amb el t\u00edtol &#8220;Arquitectura i paisatge&#8221;.<\/p>\n<p>Adjuntem el cartell i el <a href=\"http:\/\/www.vallespir.cat\/wp-content\/uploads\/2012\/10\/programa_jornades_2012.pdf\">programa complet de les jornades<\/a>.<\/p>\n<p>&nbsp;<\/p>\n","protected":false},"excerpt":{"rendered":"<p>Benvolguts amics, El dimarts dia 16 d&#8217;octubre, a les 19:00 h, es far\u00e0 la confer\u00e8ncia inaugural de les III Jornades sobre &#8220;l&#8217;Empord\u00e0, el paisatge com a actiu econ\u00f2mic&#8221;, sota la c\u00fapula del Teatre-museu Dal\u00ed. Anir\u00e0 a c\u00e0rrec d&#8217;Enric Ruiz-Geli de elBulliFoundation, amb el t\u00edtol &#8220;Arquitectura i paisatge&#8221;. Adjuntem el cartell i el programa complet de [&hellip;]<\/p>\n","protected":false},"author":1,"featured_media":120,"comment_status":"open","ping_status":"open","sticky":false,"template":"","format":"standard","meta":{"footnotes":""},"categories":[6],"tags":[],"class_list":["post-119","post","type-post","status-publish","format-standard","has-post-thumbnail","hentry","category-activitats-culturals"],"_links":{"self":[{"href":"https:\/\/vallespir.cat\/index.php?rest_route=\/wp\/v2\/posts\/119","targetHints":{"allow":["GET"]}}],"collection":[{"href":"https:\/\/vallespir.cat\/index.php?rest_route=\/wp\/v2\/posts"}],"about":[{"href":"https:\/\/vallespir.cat\/index.php?rest_route=\/wp\/v2\/types\/post"}],"author":[{"embeddable":true,"href":"https:\/\/vallespir.cat\/index.php?rest_route=\/wp\/v2\/users\/1"}],"replies":[{"embeddable":true,"href":"https:\/\/vallespir.cat\/index.php?rest_route=%2Fwp%2Fv2%2Fcomments&post=119"}],"version-history":[{"count":4,"href":"https:\/\/vallespir.cat\/index.php?rest_route=\/wp\/v2\/posts\/119\/revisions"}],"predecessor-version":[{"id":123,"href":"https:\/\/vallespir.cat\/index.php?rest_route=\/wp\/v2\/posts\/119\/revisions\/123"}],"wp:featuredmedia":[{"embeddable":true,"href":"https:\/\/vallespir.cat\/index.php?rest_route=\/wp\/v2\/media\/120"}],"wp:attachment":[{"href":"https:\/\/vallespir.cat\/index.php?rest_route=%2Fwp%2Fv2%2Fmedia&parent=119"}],"wp:term":[{"taxonomy":"category","embeddable":true,"href":"https:\/\/vallespir.cat\/index.php?rest_route=%2Fwp%2Fv2%2Fcategories&post=119"},{"taxonomy":"post_tag","embeddable":true,"href":"https:\/\/vallespir.cat\/index.php?rest_route=%2Fwp%2Fv2%2Ftags&post=119"}],"curies":[{"name":"wp","href":"https:\/\/api.w.org\/{rel}","templated":true}]}}