{"id":127,"date":"2012-10-16T19:41:55","date_gmt":"2012-10-16T17:41:55","guid":{"rendered":"http:\/\/www.vallespir.cat\/?p=127"},"modified":"2012-10-16T19:45:08","modified_gmt":"2012-10-16T17:45:08","slug":"exposicio-de-la-teresa-rebull","status":"publish","type":"post","link":"https:\/\/vallespir.cat\/?p=127","title":{"rendered":"Exposici\u00f3 de la Teresa Rebull"},"content":{"rendered":"<p>La nostra Teresa Rebull<\/p>\n<p>Si b\u00e9 coneixem la cantant de la veu profunda ara descobrim la pintora t\u00edmida que desitja seguir els passos de Paul S\u00e9zanne (1839-1906) l&#8217;impressionista proven\u00e7al i mediterrani que sembla inspirar-la. Teresa Rebull reinventa formes i colors a\u00a0partir de la seva sensibilitat catalana i mediterr\u00e0nia.<\/p>\n<p><a href=\"http:\/\/www.vallespir.cat\/wp-content\/uploads\/2012\/10\/rebullexpo.pdf\" target=\"_blank\">Invitaci\u00f3 a l&#8217;exposici\u00f3 de Teresa Rebull a Prats de Mollo &#8211; la Preste<\/a><\/p>\n","protected":false},"excerpt":{"rendered":"<p>La nostra Teresa Rebull Si b\u00e9 coneixem la cantant de la veu profunda ara descobrim la pintora t\u00edmida que desitja seguir els passos de Paul S\u00e9zanne (1839-1906) l&#8217;impressionista proven\u00e7al i mediterrani que sembla inspirar-la. Teresa Rebull reinventa formes i colors a\u00a0partir de la seva sensibilitat catalana i mediterr\u00e0nia. Invitaci\u00f3 a l&#8217;exposici\u00f3 de Teresa Rebull a [&hellip;]<\/p>\n","protected":false},"author":1,"featured_media":128,"comment_status":"open","ping_status":"open","sticky":false,"template":"","format":"standard","meta":{"footnotes":""},"categories":[6],"tags":[],"class_list":["post-127","post","type-post","status-publish","format-standard","has-post-thumbnail","hentry","category-activitats-culturals"],"_links":{"self":[{"href":"https:\/\/vallespir.cat\/index.php?rest_route=\/wp\/v2\/posts\/127","targetHints":{"allow":["GET"]}}],"collection":[{"href":"https:\/\/vallespir.cat\/index.php?rest_route=\/wp\/v2\/posts"}],"about":[{"href":"https:\/\/vallespir.cat\/index.php?rest_route=\/wp\/v2\/types\/post"}],"author":[{"embeddable":true,"href":"https:\/\/vallespir.cat\/index.php?rest_route=\/wp\/v2\/users\/1"}],"replies":[{"embeddable":true,"href":"https:\/\/vallespir.cat\/index.php?rest_route=%2Fwp%2Fv2%2Fcomments&post=127"}],"version-history":[{"count":4,"href":"https:\/\/vallespir.cat\/index.php?rest_route=\/wp\/v2\/posts\/127\/revisions"}],"predecessor-version":[{"id":133,"href":"https:\/\/vallespir.cat\/index.php?rest_route=\/wp\/v2\/posts\/127\/revisions\/133"}],"wp:featuredmedia":[{"embeddable":true,"href":"https:\/\/vallespir.cat\/index.php?rest_route=\/wp\/v2\/media\/128"}],"wp:attachment":[{"href":"https:\/\/vallespir.cat\/index.php?rest_route=%2Fwp%2Fv2%2Fmedia&parent=127"}],"wp:term":[{"taxonomy":"category","embeddable":true,"href":"https:\/\/vallespir.cat\/index.php?rest_route=%2Fwp%2Fv2%2Fcategories&post=127"},{"taxonomy":"post_tag","embeddable":true,"href":"https:\/\/vallespir.cat\/index.php?rest_route=%2Fwp%2Fv2%2Ftags&post=127"}],"curies":[{"name":"wp","href":"https:\/\/api.w.org\/{rel}","templated":true}]}}