{"id":135,"date":"2012-10-26T11:11:16","date_gmt":"2012-10-26T09:11:16","guid":{"rendered":"http:\/\/www.vallespir.cat\/?p=135"},"modified":"2012-10-26T11:11:16","modified_gmt":"2012-10-26T09:11:16","slug":"86-aniversari-dels-fets-de-prats-de-mollo","status":"publish","type":"post","link":"https:\/\/vallespir.cat\/?p=135","title":{"rendered":"86 Aniversari dels Fets de Prats de Moll\u00f3"},"content":{"rendered":"<p>Homenatge a Francesc Maci\u00e0 i els seus voluntaris catalans<\/p>\n<p>Diumenge,\u00a04 de novembre del 2012\u00a0a Prats de Moll\u00f3<\/p>\n<p>Recordem que el President Maci\u00e0 \u00e9s el primer que va declarar la independ\u00e8ncia de Catalunya.\u00a0Enguany,<\/p>\n<p>amb l\u2019ambient il\u00b7lusionat i combatiu de la impressionant Manifestaci\u00f3 de l\u201911 de Setembre a Barcelona<\/p>\n<p>\u201cCatalunya, nou estat d\u2019Europa\u201d, convidem a particulars i entitats als actes\u00a0a Prats de Moll\u00f3.<\/p>\n<p><a href=\"http:\/\/www.vallespir.cat\/wp-content\/uploads\/2012\/10\/pro_prats_mollo2.pdf\" target=\"_blank\">programa pdf<\/a><\/p>\n","protected":false},"excerpt":{"rendered":"<p>Homenatge a Francesc Maci\u00e0 i els seus voluntaris catalans Diumenge,\u00a04 de novembre del 2012\u00a0a Prats de Moll\u00f3 Recordem que el President Maci\u00e0 \u00e9s el primer que va declarar la independ\u00e8ncia de Catalunya.\u00a0Enguany, amb l\u2019ambient il\u00b7lusionat i combatiu de la impressionant Manifestaci\u00f3 de l\u201911 de Setembre a Barcelona \u201cCatalunya, nou estat d\u2019Europa\u201d, convidem a particulars i [&hellip;]<\/p>\n","protected":false},"author":2,"featured_media":136,"comment_status":"open","ping_status":"open","sticky":false,"template":"","format":"standard","meta":{"footnotes":""},"categories":[6],"tags":[],"class_list":["post-135","post","type-post","status-publish","format-standard","has-post-thumbnail","hentry","category-activitats-culturals"],"_links":{"self":[{"href":"https:\/\/vallespir.cat\/index.php?rest_route=\/wp\/v2\/posts\/135","targetHints":{"allow":["GET"]}}],"collection":[{"href":"https:\/\/vallespir.cat\/index.php?rest_route=\/wp\/v2\/posts"}],"about":[{"href":"https:\/\/vallespir.cat\/index.php?rest_route=\/wp\/v2\/types\/post"}],"author":[{"embeddable":true,"href":"https:\/\/vallespir.cat\/index.php?rest_route=\/wp\/v2\/users\/2"}],"replies":[{"embeddable":true,"href":"https:\/\/vallespir.cat\/index.php?rest_route=%2Fwp%2Fv2%2Fcomments&post=135"}],"version-history":[{"count":1,"href":"https:\/\/vallespir.cat\/index.php?rest_route=\/wp\/v2\/posts\/135\/revisions"}],"predecessor-version":[{"id":138,"href":"https:\/\/vallespir.cat\/index.php?rest_route=\/wp\/v2\/posts\/135\/revisions\/138"}],"wp:featuredmedia":[{"embeddable":true,"href":"https:\/\/vallespir.cat\/index.php?rest_route=\/wp\/v2\/media\/136"}],"wp:attachment":[{"href":"https:\/\/vallespir.cat\/index.php?rest_route=%2Fwp%2Fv2%2Fmedia&parent=135"}],"wp:term":[{"taxonomy":"category","embeddable":true,"href":"https:\/\/vallespir.cat\/index.php?rest_route=%2Fwp%2Fv2%2Fcategories&post=135"},{"taxonomy":"post_tag","embeddable":true,"href":"https:\/\/vallespir.cat\/index.php?rest_route=%2Fwp%2Fv2%2Ftags&post=135"}],"curies":[{"name":"wp","href":"https:\/\/api.w.org\/{rel}","templated":true}]}}