{"id":14,"date":"2012-03-01T16:25:14","date_gmt":"2012-03-01T15:25:14","guid":{"rendered":"http:\/\/www.vallespir.cat\/?p=14"},"modified":"2013-04-11T19:14:17","modified_gmt":"2013-04-11T17:14:17","slug":"donec-molestie-nisl-viverra","status":"publish","type":"post","link":"https:\/\/vallespir.cat\/?p=14","title":{"rendered":"LIPDUB de Perpiny\u00e0"},"content":{"rendered":"<p><strong>LIPDUB de Perpiny\u00e0 el 31 de mar\u00e7 de 201<\/strong><\/p>\n<p>El 2 d&#8217;abril de 2012, han passat 312 anys d\u2019en\u00e7\u00e0 de la publicaci\u00f3 de l&#8217;edicte reial de Llu\u00eds XIV que prohibeix l&#8217;\u00fas oficial de la llengua catalana, edicte que simbolitza el declivi de l&#8217;\u00fas de la llengua pr\u00f2pia a la Catalunya del Nord. Si els successius r\u00e8gims i governs han continuat amb la seua pol\u00edtica de prohibici\u00f3 de les lleng\u00fces vernacles, amb la voluntat de substituir les lleng\u00fces dels territoris administrats per la llengua del rei, a Catalunya del Nord com a molts altres llocs de l&#8217;Estat franc\u00e8s les poblacions han resistit amb m\u00e9s o menys for\u00e7a.<\/p>\n<p>El 31 de mar\u00e7 de 2012 \u00e9rem 7153 al peu del Castellet per a reivindicar una llei, un dret pel catal\u00e0. <a href=\"http:\/\/lipdubcatnord.wordpress.com\/2012\/04\/01\/un-lipdub-per-una-llei\/\">Avui sem orgullosos d&#8217;evidenciar que volem que visqui la nostra llengua, \u00e9rem 7153 persones que han respost a la convocat\u00f2ria. 7153 persones han protagonitzat el LIPDUB pel CATAL\u00c0.<\/a><\/p>\n<p>Vos invitem a veure&#8217;l, a fer-lo con\u00e8ixer. Un nou repte: cal que un m\u00e0xim de persones el vegi. Per a visionar el v\u00eddeo poseu ulleres 3D si en teniu, i si no desactiveu l&#8217;opci\u00f3 3D per a visionar el clip&#8230; i correu r\u00e0pid per a comprar-ne, perqu\u00e8 la 3D d\u00f3na una altra dimensi\u00f3 a la llengua (Text d\u2019Herv\u00e9 P\u00ed).<\/p>\n","protected":false},"excerpt":{"rendered":"<p>LIPDUB de Perpiny\u00e0 el 31 de mar\u00e7 de 201 El 2 d&#8217;abril de 2012, han passat 312 anys d\u2019en\u00e7\u00e0 de la publicaci\u00f3 de l&#8217;edicte reial de Llu\u00eds XIV que prohibeix l&#8217;\u00fas oficial de la llengua catalana, edicte que simbolitza el declivi de l&#8217;\u00fas de la llengua pr\u00f2pia a la Catalunya del Nord. Si els successius [&hellip;]<\/p>\n","protected":false},"author":1,"featured_media":15,"comment_status":"open","ping_status":"open","sticky":false,"template":"","format":"standard","meta":{"footnotes":""},"categories":[1],"tags":[],"class_list":["post-14","post","type-post","status-publish","format-standard","has-post-thumbnail","hentry","category-general"],"_links":{"self":[{"href":"https:\/\/vallespir.cat\/index.php?rest_route=\/wp\/v2\/posts\/14","targetHints":{"allow":["GET"]}}],"collection":[{"href":"https:\/\/vallespir.cat\/index.php?rest_route=\/wp\/v2\/posts"}],"about":[{"href":"https:\/\/vallespir.cat\/index.php?rest_route=\/wp\/v2\/types\/post"}],"author":[{"embeddable":true,"href":"https:\/\/vallespir.cat\/index.php?rest_route=\/wp\/v2\/users\/1"}],"replies":[{"embeddable":true,"href":"https:\/\/vallespir.cat\/index.php?rest_route=%2Fwp%2Fv2%2Fcomments&post=14"}],"version-history":[{"count":6,"href":"https:\/\/vallespir.cat\/index.php?rest_route=\/wp\/v2\/posts\/14\/revisions"}],"predecessor-version":[{"id":195,"href":"https:\/\/vallespir.cat\/index.php?rest_route=\/wp\/v2\/posts\/14\/revisions\/195"}],"wp:featuredmedia":[{"embeddable":true,"href":"https:\/\/vallespir.cat\/index.php?rest_route=\/wp\/v2\/media\/15"}],"wp:attachment":[{"href":"https:\/\/vallespir.cat\/index.php?rest_route=%2Fwp%2Fv2%2Fmedia&parent=14"}],"wp:term":[{"taxonomy":"category","embeddable":true,"href":"https:\/\/vallespir.cat\/index.php?rest_route=%2Fwp%2Fv2%2Fcategories&post=14"},{"taxonomy":"post_tag","embeddable":true,"href":"https:\/\/vallespir.cat\/index.php?rest_route=%2Fwp%2Fv2%2Ftags&post=14"}],"curies":[{"name":"wp","href":"https:\/\/api.w.org\/{rel}","templated":true}]}}