{"id":150,"date":"2012-11-12T21:05:45","date_gmt":"2012-11-12T20:05:45","guid":{"rendered":"http:\/\/www.vallespir.cat\/?p=150"},"modified":"2012-11-12T21:05:45","modified_gmt":"2012-11-12T20:05:45","slug":"veus-paralleles","status":"publish","type":"post","link":"https:\/\/vallespir.cat\/?p=150","title":{"rendered":"Veus Paralleles"},"content":{"rendered":"<p>Veus paral\u00b7leles \u00e9s un projecte concebut, coordinat i dirigit per Albert Mestres i Sofia Fonseca, i acollit per la Instituci\u00f3 de les Lletres Catalanes, que consisteix en la reuni\u00f3 de quatre poetes de parla catalana i quatre d\u2019una altra cultura que reciten conjuntament la seva poesia. A partir d\u2019una selecci\u00f3 que fan els mateixos poetes, amb la qual elaborem un gui\u00f3 i una m\u00ednima posada en escena, els poetes reciten, en una sessi\u00f3 d\u2019hora i mitja o dues sessions d\u2019una hora aproximada, la seva poesia i una actriu recita la traducci\u00f3 de la que no \u00e9s en llengua catalana.<\/p>\n<p><a href=\"http:\/\/www.facebook.com\/media\/set\/?set=a.332826183481326.71921.100002618405461&amp;type=1\">Imatges<\/a><\/p>\n","protected":false},"excerpt":{"rendered":"<p>Veus paral\u00b7leles \u00e9s un projecte concebut, coordinat i dirigit per Albert Mestres i Sofia Fonseca, i acollit per la Instituci\u00f3 de les Lletres Catalanes, que consisteix en la reuni\u00f3 de quatre poetes de parla catalana i quatre d\u2019una altra cultura que reciten conjuntament la seva poesia. A partir d\u2019una selecci\u00f3 que fan els mateixos poetes, [&hellip;]<\/p>\n","protected":false},"author":1,"featured_media":151,"comment_status":"open","ping_status":"open","sticky":false,"template":"","format":"standard","meta":{"footnotes":""},"categories":[6],"tags":[],"class_list":["post-150","post","type-post","status-publish","format-standard","has-post-thumbnail","hentry","category-activitats-culturals"],"_links":{"self":[{"href":"https:\/\/vallespir.cat\/index.php?rest_route=\/wp\/v2\/posts\/150","targetHints":{"allow":["GET"]}}],"collection":[{"href":"https:\/\/vallespir.cat\/index.php?rest_route=\/wp\/v2\/posts"}],"about":[{"href":"https:\/\/vallespir.cat\/index.php?rest_route=\/wp\/v2\/types\/post"}],"author":[{"embeddable":true,"href":"https:\/\/vallespir.cat\/index.php?rest_route=\/wp\/v2\/users\/1"}],"replies":[{"embeddable":true,"href":"https:\/\/vallespir.cat\/index.php?rest_route=%2Fwp%2Fv2%2Fcomments&post=150"}],"version-history":[{"count":1,"href":"https:\/\/vallespir.cat\/index.php?rest_route=\/wp\/v2\/posts\/150\/revisions"}],"predecessor-version":[{"id":152,"href":"https:\/\/vallespir.cat\/index.php?rest_route=\/wp\/v2\/posts\/150\/revisions\/152"}],"wp:featuredmedia":[{"embeddable":true,"href":"https:\/\/vallespir.cat\/index.php?rest_route=\/wp\/v2\/media\/151"}],"wp:attachment":[{"href":"https:\/\/vallespir.cat\/index.php?rest_route=%2Fwp%2Fv2%2Fmedia&parent=150"}],"wp:term":[{"taxonomy":"category","embeddable":true,"href":"https:\/\/vallespir.cat\/index.php?rest_route=%2Fwp%2Fv2%2Fcategories&post=150"},{"taxonomy":"post_tag","embeddable":true,"href":"https:\/\/vallespir.cat\/index.php?rest_route=%2Fwp%2Fv2%2Ftags&post=150"}],"curies":[{"name":"wp","href":"https:\/\/api.w.org\/{rel}","templated":true}]}}