{"id":154,"date":"2012-11-25T12:05:57","date_gmt":"2012-11-25T11:05:57","guid":{"rendered":"http:\/\/www.vallespir.cat\/?p=154"},"modified":"2012-11-25T12:05:57","modified_gmt":"2012-11-25T11:05:57","slug":"llibre-les-barraques-de-pedra-seca","status":"publish","type":"post","link":"https:\/\/vallespir.cat\/?p=154","title":{"rendered":"Llibre &#8220;Les barraques de pedra seca&#8221;"},"content":{"rendered":"<h1>Les barraques de pedra seca de la Garriga d&#8217;Empord\u00e0<\/h1>\n<p>Us convidem a la <strong>presentaci\u00f3 del llibre<\/strong>:<\/p>\n<p>&#8220;Les barraques de pedra seca de la Garriga d&#8217;Empord\u00e0&#8221;<br \/>\nBiure, Pont de Molins, Llers, Figueres, Avinyonet de Puigvent\u00f3s i Vilanant.<\/p>\n<p>Presentaran l&#8217;acte Anna Palet, alcadessa de Vilanant, Pere Gifre, presidente de l&#8217;Institu d&#8217;Estudis Empordanesos i Jenar F\u00e8lix, l&#8217;autor.<\/p>\n<p><strong>L&#8217;acte tindr\u00e0 lloc el divendres 30 de novembre, al Cercle Social de Vilanant, a les 19:00 h<\/strong>.<\/p>\n<p>Como a activitat complementaria, diumenge 2 de desembre es realitar\u00e0 una excursi\u00f3 a les barraques de la Garriga.<\/p>\n","protected":false},"excerpt":{"rendered":"<p>Les barraques de pedra seca de la Garriga d&#8217;Empord\u00e0 Us convidem a la presentaci\u00f3 del llibre: &#8220;Les barraques de pedra seca de la Garriga d&#8217;Empord\u00e0&#8221; Biure, Pont de Molins, Llers, Figueres, Avinyonet de Puigvent\u00f3s i Vilanant. Presentaran l&#8217;acte Anna Palet, alcadessa de Vilanant, Pere Gifre, presidente de l&#8217;Institu d&#8217;Estudis Empordanesos i Jenar F\u00e8lix, l&#8217;autor. L&#8217;acte [&hellip;]<\/p>\n","protected":false},"author":1,"featured_media":155,"comment_status":"open","ping_status":"open","sticky":false,"template":"","format":"standard","meta":{"footnotes":""},"categories":[6],"tags":[],"class_list":["post-154","post","type-post","status-publish","format-standard","has-post-thumbnail","hentry","category-activitats-culturals"],"_links":{"self":[{"href":"https:\/\/vallespir.cat\/index.php?rest_route=\/wp\/v2\/posts\/154","targetHints":{"allow":["GET"]}}],"collection":[{"href":"https:\/\/vallespir.cat\/index.php?rest_route=\/wp\/v2\/posts"}],"about":[{"href":"https:\/\/vallespir.cat\/index.php?rest_route=\/wp\/v2\/types\/post"}],"author":[{"embeddable":true,"href":"https:\/\/vallespir.cat\/index.php?rest_route=\/wp\/v2\/users\/1"}],"replies":[{"embeddable":true,"href":"https:\/\/vallespir.cat\/index.php?rest_route=%2Fwp%2Fv2%2Fcomments&post=154"}],"version-history":[{"count":1,"href":"https:\/\/vallespir.cat\/index.php?rest_route=\/wp\/v2\/posts\/154\/revisions"}],"predecessor-version":[{"id":156,"href":"https:\/\/vallespir.cat\/index.php?rest_route=\/wp\/v2\/posts\/154\/revisions\/156"}],"wp:featuredmedia":[{"embeddable":true,"href":"https:\/\/vallespir.cat\/index.php?rest_route=\/wp\/v2\/media\/155"}],"wp:attachment":[{"href":"https:\/\/vallespir.cat\/index.php?rest_route=%2Fwp%2Fv2%2Fmedia&parent=154"}],"wp:term":[{"taxonomy":"category","embeddable":true,"href":"https:\/\/vallespir.cat\/index.php?rest_route=%2Fwp%2Fv2%2Fcategories&post=154"},{"taxonomy":"post_tag","embeddable":true,"href":"https:\/\/vallespir.cat\/index.php?rest_route=%2Fwp%2Fv2%2Ftags&post=154"}],"curies":[{"name":"wp","href":"https:\/\/api.w.org\/{rel}","templated":true}]}}