{"id":17,"date":"2012-02-01T16:25:56","date_gmt":"2012-02-01T15:25:56","guid":{"rendered":"http:\/\/www.vallespir.cat\/?p=17"},"modified":"2012-07-04T15:37:37","modified_gmt":"2012-07-04T13:37:37","slug":"ut-ultrices-fringilla-mollis","status":"publish","type":"post","link":"https:\/\/vallespir.cat\/?p=17","title":{"rendered":"Festa de l\u2019\u00d3s 2012"},"content":{"rendered":"<p><strong>Festa de l\u2019\u00d3s 2012 al Vallespir, els 2, 3 i 4\u00a0 de febrer de 2012<\/strong><\/p>\n<p>En dates de la Candelera, a Prats de Moll\u00f3, Sant Lloren\u00e7 i Arles de Tec celebren l\u2019ancestral Festa de l\u2019\u00d3s. En el cas de Prats, un grup d\u2019homes es reuneixen al Fort de la Gu\u00e0rdia, que \u00e9s un dels punts elevats del municipi des d\u2019on baixen al poble. A la festa intervenen ca\u00e7adors i ossos. Acompanyats dels ca\u00e7adors, els \u00f3ssos, s\u00f3n homes vestits amb pells de xai i mascarats amb sutge i oli,\u00a0 fan cam\u00ed cap al poble, on s\u2019enfronten amb el p\u00fablic que els espera. Els \u00f3ssos trien les seves v\u00edctimes. Ning\u00fa s\u2019escapa dels atacs dels \u00f3ssos\u00a0 per\u00f2 les noies joves, en una met\u00e0fora de la fecundaci\u00f3, s\u00f3n les m\u00e9s vulnerables. El ball de l\u2019\u00f3s posa punt i final a la festa on els homes de blanc i\u00a0els ca\u00e7adors planten cara a l\u2019animal, sense deixar d\u2019enfarinar les noies. Alguns especialistes pensen que \u00e9s una reminisc\u00e8ncia de l\u2019antiga creen\u00e7a de l\u2019origen bestial de l\u2019home, i d\u2019altres com una\u00a0 met\u00e0fora de la castraci\u00f3 i domesticaci\u00f3 de l\u2019animal. Al Vallespir tamb\u00e9 celebren la festa de l\u2019\u00f3s a Arles de Tec i Sant Lloren\u00e7 amb algunes variants. L\u2019origen de la festa que se celebra tamb\u00e9 a Encamp (Andorra) o al Pont de Suert (Alta Ribagor\u00e7a) pot trobar el seu origen en una antiga llegenda en la qual un \u00f3s va raptar una bella fadrina i la va recloure a la seva cova, fins que va poder fugir-ne el dia de la Candelera (Text de Gentil Puig).<\/p>\n<p><a href=\"http:\/\/www.vallespir.cat\/wp-content\/uploads\/2012\/02\/festadelos2.jpg\"><img loading=\"lazy\" decoding=\"async\" class=\"aligncenter size-full wp-image-106\" title=\"festadelos2\" src=\"http:\/\/www.vallespir.cat\/wp-content\/uploads\/2012\/02\/festadelos2.jpg\" alt=\"\" width=\"460\" height=\"345\" srcset=\"https:\/\/vallespir.cat\/wp-content\/uploads\/2012\/02\/festadelos2.jpg 460w, https:\/\/vallespir.cat\/wp-content\/uploads\/2012\/02\/festadelos2-300x225.jpg 300w\" sizes=\"auto, (max-width: 460px) 100vw, 460px\" \/><\/a><\/p>\n","protected":false},"excerpt":{"rendered":"<p>Festa de l\u2019\u00d3s 2012 al Vallespir, els 2, 3 i 4\u00a0 de febrer de 2012 En dates de la Candelera, a Prats de Moll\u00f3, Sant Lloren\u00e7 i Arles de Tec celebren l\u2019ancestral Festa de l\u2019\u00d3s. En el cas de Prats, un grup d\u2019homes es reuneixen al Fort de la Gu\u00e0rdia, que \u00e9s un dels punts [&hellip;]<\/p>\n","protected":false},"author":1,"featured_media":18,"comment_status":"open","ping_status":"open","sticky":false,"template":"","format":"standard","meta":{"footnotes":""},"categories":[3,7],"tags":[],"class_list":["post-17","post","type-post","status-publish","format-standard","has-post-thumbnail","hentry","category-destacat","category-festes-catalanes"],"_links":{"self":[{"href":"https:\/\/vallespir.cat\/index.php?rest_route=\/wp\/v2\/posts\/17","targetHints":{"allow":["GET"]}}],"collection":[{"href":"https:\/\/vallespir.cat\/index.php?rest_route=\/wp\/v2\/posts"}],"about":[{"href":"https:\/\/vallespir.cat\/index.php?rest_route=\/wp\/v2\/types\/post"}],"author":[{"embeddable":true,"href":"https:\/\/vallespir.cat\/index.php?rest_route=\/wp\/v2\/users\/1"}],"replies":[{"embeddable":true,"href":"https:\/\/vallespir.cat\/index.php?rest_route=%2Fwp%2Fv2%2Fcomments&post=17"}],"version-history":[{"count":6,"href":"https:\/\/vallespir.cat\/index.php?rest_route=\/wp\/v2\/posts\/17\/revisions"}],"predecessor-version":[{"id":107,"href":"https:\/\/vallespir.cat\/index.php?rest_route=\/wp\/v2\/posts\/17\/revisions\/107"}],"wp:featuredmedia":[{"embeddable":true,"href":"https:\/\/vallespir.cat\/index.php?rest_route=\/wp\/v2\/media\/18"}],"wp:attachment":[{"href":"https:\/\/vallespir.cat\/index.php?rest_route=%2Fwp%2Fv2%2Fmedia&parent=17"}],"wp:term":[{"taxonomy":"category","embeddable":true,"href":"https:\/\/vallespir.cat\/index.php?rest_route=%2Fwp%2Fv2%2Fcategories&post=17"},{"taxonomy":"post_tag","embeddable":true,"href":"https:\/\/vallespir.cat\/index.php?rest_route=%2Fwp%2Fv2%2Ftags&post=17"}],"curies":[{"name":"wp","href":"https:\/\/api.w.org\/{rel}","templated":true}]}}