{"id":171,"date":"2013-01-20T18:54:34","date_gmt":"2013-01-20T17:54:34","guid":{"rendered":"http:\/\/www.vallespir.cat\/?p=171"},"modified":"2013-01-20T18:54:34","modified_gmt":"2013-01-20T17:54:34","slug":"petit-viatge-amb-lave-de-barcelona-a-figueres","status":"publish","type":"post","link":"https:\/\/vallespir.cat\/?p=171","title":{"rendered":"Petit viatge amb l&#8217;AVE de Barcelona a Figueres"},"content":{"rendered":"<p>El viatge \u00e9s filmat des de la cabina del conductor de l&#8217;AVE. Dura nom\u00e9s uns 15 minuts. Surt de l&#8217;estaci\u00f3 de Sants-La Sagrera no totalment acabada, continua sota els carrers de Barcelona.\u00a0 Surt de la capital, s&#8217;enfila per molts t\u00fanels i passa\u00a0per nombrosos viaductes i\u00a0arriba a l&#8217;estaci\u00f3 de Figueres-Vilafant.<br \/>\nUn viatge\u00a0realment\u00a0apassionant i r\u00e0pid !<br \/>\n<iframe loading=\"lazy\" src=\"http:\/\/www.youtube.com\/embed\/YnIAPRarQjc\" frameborder=\"0\" width=\"560\" height=\"315\"><\/iframe><\/p>\n","protected":false},"excerpt":{"rendered":"<p>El viatge \u00e9s filmat des de la cabina del conductor de l&#8217;AVE. Dura nom\u00e9s uns 15 minuts. Surt de l&#8217;estaci\u00f3 de Sants-La Sagrera no totalment acabada, continua sota els carrers de Barcelona.\u00a0 Surt de la capital, s&#8217;enfila per molts t\u00fanels i passa\u00a0per nombrosos viaductes i\u00a0arriba a l&#8217;estaci\u00f3 de Figueres-Vilafant. Un viatge\u00a0realment\u00a0apassionant i r\u00e0pid !<\/p>\n","protected":false},"author":1,"featured_media":172,"comment_status":"open","ping_status":"open","sticky":false,"template":"","format":"standard","meta":{"footnotes":""},"categories":[1],"tags":[],"class_list":["post-171","post","type-post","status-publish","format-standard","has-post-thumbnail","hentry","category-general"],"_links":{"self":[{"href":"https:\/\/vallespir.cat\/index.php?rest_route=\/wp\/v2\/posts\/171","targetHints":{"allow":["GET"]}}],"collection":[{"href":"https:\/\/vallespir.cat\/index.php?rest_route=\/wp\/v2\/posts"}],"about":[{"href":"https:\/\/vallespir.cat\/index.php?rest_route=\/wp\/v2\/types\/post"}],"author":[{"embeddable":true,"href":"https:\/\/vallespir.cat\/index.php?rest_route=\/wp\/v2\/users\/1"}],"replies":[{"embeddable":true,"href":"https:\/\/vallespir.cat\/index.php?rest_route=%2Fwp%2Fv2%2Fcomments&post=171"}],"version-history":[{"count":1,"href":"https:\/\/vallespir.cat\/index.php?rest_route=\/wp\/v2\/posts\/171\/revisions"}],"predecessor-version":[{"id":173,"href":"https:\/\/vallespir.cat\/index.php?rest_route=\/wp\/v2\/posts\/171\/revisions\/173"}],"wp:featuredmedia":[{"embeddable":true,"href":"https:\/\/vallespir.cat\/index.php?rest_route=\/wp\/v2\/media\/172"}],"wp:attachment":[{"href":"https:\/\/vallespir.cat\/index.php?rest_route=%2Fwp%2Fv2%2Fmedia&parent=171"}],"wp:term":[{"taxonomy":"category","embeddable":true,"href":"https:\/\/vallespir.cat\/index.php?rest_route=%2Fwp%2Fv2%2Fcategories&post=171"},{"taxonomy":"post_tag","embeddable":true,"href":"https:\/\/vallespir.cat\/index.php?rest_route=%2Fwp%2Fv2%2Ftags&post=171"}],"curies":[{"name":"wp","href":"https:\/\/api.w.org\/{rel}","templated":true}]}}