{"id":196,"date":"2013-04-29T21:27:43","date_gmt":"2013-04-29T19:27:43","guid":{"rendered":"http:\/\/www.vallespir.cat\/?p=196"},"modified":"2013-04-29T21:27:43","modified_gmt":"2013-04-29T19:27:43","slug":"lo-23-davril-era-la-sant-jordi","status":"publish","type":"post","link":"https:\/\/vallespir.cat\/?p=196","title":{"rendered":"Lo 23 d&#8217;avril \u00e8ra la Sant J\u00f2rdi !"},"content":{"rendered":"<table border=\"0\" cellspacing=\"0\" cellpadding=\"0\">\n<tbody>\n<tr>\n<td><\/td>\n<td>\n<table border=\"0\" cellspacing=\"0\">\n<tbody>\n<tr>\n<td valign=\"top\">\n<div><\/div>\n<p><strong>Lo 23 d&#8217;avril \u00e8ra la Sant J\u00f2rdi !<\/p>\n<p><\/strong><\/p>\n<p><strong><em>La m\u00e9diath\u00e8que num\u00e9rique Occitanica vous invite \u00e0 c\u00e9l\u00e9brer la f\u00eate du Livre en sa compagnie<\/p>\n<p><\/em><\/strong><\/p>\n<p><strong><em><\/p>\n<p><\/em><\/strong><\/p>\n<p>&nbsp;<\/td>\n<td><a href=\"http:\/\/occitanica.eu\/\"><img loading=\"lazy\" decoding=\"async\" src=\"http:\/\/occitanica.eu\/images\/logo-occitanica.jpg\" alt=\"\" width=\"230\" height=\"106\" border=\"0\" \/><\/a><\/td>\n<\/tr>\n<\/tbody>\n<\/table>\n<\/td>\n<\/tr>\n<\/tbody>\n<\/table>\n<table border=\"0\" cellspacing=\"8\">\n<tbody>\n<tr>\n<td><\/td>\n<td><strong>Eveniment<\/strong><\/p>\n<hr \/>\n<\/td>\n<\/tr>\n<tr>\n<td>\n<p align=\"center\">\n<\/td>\n<td valign=\"top\"><strong>Ven\u00e8tz festejar la Sant J\u00f2rdi al CIRD\u00d2C<\/p>\n<p><\/strong><\/p>\n<div>Samedi 27 avril, en partenariat avec la M\u00e9diath\u00e8que Andr\u00e9-Malraux et Languedoc-Roussillon Livre et Lecture, le CIRDOC investit la place du 14 Juillet de B\u00e9ziers pour un grand rendez-vous festif et culturel mettant le livre \u00e0 l&#8217;honneur.<\/div>\n<div><\/div>\n<div><a href=\"http:\/\/www.locirdoc.fr\/E_locirdoc\/index.php?option=com_content&amp;view=article&amp;id=348&amp;catid=84&amp;Itemid=156&amp;lang=fr\">Ne saber mai &gt;&gt;<\/a><\/div>\n<\/td>\n<\/tr>\n<tr>\n<td><\/td>\n<\/tr>\n<\/tbody>\n<\/table>\n<table border=\"0\" cellspacing=\"8\">\n<tbody>\n<tr>\n<td><strong> De descobrir<\/strong><\/p>\n<hr \/>\n<\/td>\n<\/tr>\n<tr>\n<td>\n<p align=\"center\"><img decoding=\"async\" src=\"http:\/\/occitanica.eu\/images\/logo_unesco.gif\" alt=\"\" border=\"0\" \/><\/p>\n<\/td>\n<td valign=\"top\"><strong>La jornada mondiala del Libre<\/strong><\/p>\n<p>L&#8217;UNESCO a choisi depuis 1996 de d\u00e9dier le 23 avril, jour de la Sant J\u00f2rdi, \u00e0 la promotion du livre et du droit d&#8217;auteur.<\/p>\n<p><a href=\"http:\/\/www.unesco.org\/new\/fr\/unesco\/events\/prizes-and-celebrations\/celebrations\/international-days\/world-book-and-copyright-day-2013\/\">Bangkok 2013, programas e ideas d&#8217;avalorisacion &gt;&gt;<\/a><\/td>\n<\/tr>\n<tr>\n<td>\n<p align=\"center\"><img loading=\"lazy\" decoding=\"async\" src=\"http:\/\/occitanica.eu\/images\/logo_lr2l.png\" alt=\"\" width=\"206\" height=\"88\" border=\"0\" \/><\/p>\n<\/td>\n<td valign=\"top\"><strong>Chas mon librari, es pas mai car<\/strong><\/p>\n<p>Partez \u00e0 la rencontre de votre libraire avec l&#8217;exposition photo-litt\u00e9raire propos\u00e9e par Languedoc-Roussillon Livre et Lecture, \u00e0 d\u00e9couvrir notamment au CIRDOC le 27 avril.<\/p>\n<p><a href=\"http:\/\/lr2lprixunique.fr\/#\/expo-%5Eid00002\">Perc\u00f3rrer la m\u00f2stra virtuala &gt;&gt;<\/a><\/td>\n<\/tr>\n<tr>\n<td><\/td>\n<\/tr>\n<\/tbody>\n<\/table>\n<table border=\"0\" cellspacing=\"8\">\n<tbody>\n<tr>\n<td><strong>Aquisicion<\/strong><\/p>\n<hr \/>\n<\/td>\n<\/tr>\n<tr>\n<td>\n<p align=\"center\"><img decoding=\"async\" src=\"http:\/\/occitanica.eu\/images\/san-jordi2.jpg\" alt=\"\" border=\"0\" \/><\/p>\n<\/td>\n<td><strong>Un c\u00f2p \u00e8ra una b\u00e8stia terribla&#8230;<\/p>\n<p><\/strong><\/p>\n<p>L&#8217;artiste Vincent Roussillat a r\u00e9alis\u00e9 \u00e0 la commande du CIRD\u00d2C une \u0153uvre originale narrant en occitan la l\u00e9gende de Sant J\u00f2rdi, patron des Catalans et parrain de la f\u00eate du Livre.<\/p>\n<p><a href=\"http:\/\/www.locirdoc.fr\/E_loblog\/?p=5509\">Un dragon, pusl\u00e8u un dragon\u00e0s ! &gt;&gt;<\/a><\/p>\n<p>&nbsp;<\/p>\n<div><\/div>\n<\/td>\n<\/tr>\n<tr>\n<td><\/td>\n<td><strong>La seleccion dels bibliotecaris<\/strong><\/p>\n<hr \/>\n<\/td>\n<\/tr>\n<tr>\n<td height=\"10\"><img decoding=\"async\" src=\"http:\/\/occitanica.eu\/images\/logo-porta-oc.png\" alt=\"\" width=\"150\" border=\"0\" \/><\/p>\n<p>&nbsp;<\/td>\n<td height=\"10\"><strong>Annuari dels editors, parucions nov\u00e8las : seguiss\u00e8tz l&#8217;actualitat liter\u00e0ria amb la P\u00f2rta d&#8217;\u00f2c<\/p>\n<p><\/strong><\/p>\n<div><\/div>\n<p><a href=\"http:\/\/laportadoc.eu\/\">Suivez l&#8217;actualit\u00e9 culturelle en occitan &gt;&gt;<\/a><\/td>\n<\/tr>\n<tr>\n<td><\/td>\n<\/tr>\n<\/tbody>\n<\/table>\n<table border=\"0\" cellspacing=\"8\">\n<tbody>\n<tr>\n<td>\n<p align=\"center\"><img decoding=\"async\" src=\"http:\/\/occitanica.eu\/images\/hessel.jpg\" alt=\"\" height=\"150\" border=\"0\" \/><\/p>\n<\/td>\n<td><strong>St\u00e9phane Hessel : <em>Indignatz-ve !<\/em><\/p>\n<p><\/strong><\/p>\n<p><em>&#8220;Il nous appartient de veiller tous ensemble \u00e0 ce que notre soci\u00e9t\u00e9 reste une soci\u00e9t\u00e9 dont nous soyons fiers.&#8221;<\/em> En 2010, le pamphlet de St\u00e9phane Hessel rencontrait un \u00e9cho imm\u00e9diat dans un monde en crise. L&#8217;\u00e9diteur gascon Per Noste en propose aujourd&#8217;hui une traduction occitane.<\/p>\n<p><a href=\"http:\/\/laportadoc.eu\/index.php?option=com_abook&amp;view=book&amp;id=159%3Aindignatz-ve--&amp;catid=12%3Alivre-langue-a-societe&amp;lang=oc\">Ne saber mai &gt;&gt;<\/a><\/p>\n<div><\/div>\n<\/td>\n<\/tr>\n<tr>\n<td>\n<div><\/div>\n<p align=\"center\"><img decoding=\"async\" src=\"http:\/\/occitanica.eu\/images\/dins_de_patetas.jpg\" alt=\"\" height=\"150\" border=\"0\" \/><\/p>\n<div><\/div>\n<\/td>\n<td valign=\"top\">\n<div><\/div>\n<p><strong>Maria Roanet :<em> Dins de patetas rojas<\/em><\/strong><\/p>\n<p>Letras d&#8217;\u00f2c publie une nouvelle \u00e9dition tr\u00e8s attendue du grand roman occitan de Marie Rouanet. \u00c0 l&#8217;occasion de cette parution, l&#8217;\u00e9crivain et son \u00e9diteur Jean Eygun vous convient \u00e0 un petit-d\u00e9jeuner litt\u00e9raire le 27 avril \u00e0 B\u00e9ziers.<\/p>\n<p><a href=\"http:\/\/laportadoc.eu\/index.php?option=com_abook&amp;view=book&amp;catid=1%3Aroman&amp;id=31%3Adins-de-patetas-rojas&amp;lang=oc\">Ne saber mai &gt;&gt;<\/a><\/td>\n<\/tr>\n<\/tbody>\n<\/table>\n<table border=\"0\" cellspacing=\"8\">\n<tbody>\n<tr>\n<td>\n<p align=\"center\"><img decoding=\"async\" src=\"http:\/\/occitanica.eu\/images\/eissam.jpg\" alt=\"\" height=\"150\" border=\"0\" \/><\/p>\n<div><\/div>\n<\/td>\n<td><strong>Joan-Claudi For\u00eat : <em>Un grand eissam de mots<\/em><\/p>\n<p><\/strong><\/p>\n<p>De <em>chants<\/em> du nord en <em>cants<\/em> du sud, Jean-Claude For\u00eat butine les mots et les dialectes dans ces po\u00e8mes parus aux \u00e9ditions EMCC.<\/p>\n<p><a href=\"http:\/\/laportadoc.eu\/index.php?option=com_abook&amp;view=book&amp;id=157%3Aun-grand-eissam-de-mots&amp;catid=9%3Alivre-poesie&amp;lang=oc\">Ne saber mai &gt;&gt;<\/a><\/p>\n<div><\/div>\n<\/td>\n<\/tr>\n<tr>\n<td>\n<div><\/div>\n<p align=\"center\">\n<div><\/div>\n<\/td>\n<td valign=\"top\">\n<div><\/div>\n<p><strong>Florian Vernet : <em>Fin de partida<\/em><\/p>\n<p><\/strong><\/p>\n<p>Un schizophr\u00e8ne, une fin du monde, deux amis et&#8230; Dieu cohabitent dans ce recueil de nouvelles teint\u00e9es d&#8217;humour noir \u00e0 lire aux \u00e9ditions de l&#8217;IEO Lengad\u00f2c.<\/p>\n<p><a href=\"http:\/\/laportadoc.eu\/index.php?option=com_abook&amp;view=book&amp;catid=1%3Aroman&amp;id=152%3Afin-de-partida&amp;lang=fr\">Ne saber mai &gt;&gt;<\/a><\/td>\n<\/tr>\n<\/tbody>\n<\/table>\n<table border=\"0\" cellspacing=\"8\">\n<tbody>\n<tr>\n<td height=\"10\"><strong>Novetats Occitanica<\/strong><\/p>\n<hr \/>\n<\/td>\n<\/tr>\n<tr>\n<td>\n<p align=\"center\"><img decoding=\"async\" src=\"http:\/\/occitanica.eu\/images\/couvcahiers2007.jpg\" alt=\"\" height=\"150\" border=\"0\" \/><\/p>\n<\/td>\n<td><strong>Nov\u00e8la colleccion : l&#8217;Amistats Max Rouquette jonh Occitanica<\/strong><\/p>\n<p>Retrouvez sur la M\u00e9diath\u00e8que num\u00e9rique occitane le premier num\u00e9ro des <em>Cahiers Max Rouquette<\/em> aujourd&#8217;hui \u00e9puis\u00e9 et <em>Les mots occitans de Max Rouquette<\/em>, lexique \u00e9tabli par Jean-Guilhem Rouquette.<\/p>\n<p><a href=\"http:\/\/occitanica.eu\/omeka\/collections\/show\/24\">La colleccion Amistats Max Rouquette\u00a0 &gt;&gt;<\/a><\/p>\n<div><\/div>\n<\/td>\n<\/tr>\n<tr>\n<td>\n<p align=\"center\"><img decoding=\"async\" src=\"http:\/\/occitanica.eu\/images\/marsal-soulet.jpg\" alt=\"\" height=\"150\" border=\"0\" \/><\/p>\n<\/td>\n<td><strong>Recu\u00e8lh en linha : Marsal illustra Soulet<\/p>\n<p><\/strong><\/p>\n<p>26 po\u00e8mes du F\u00e9libre Joseph Soulet et dessins au fusain d&#8217;\u00c9douard Marsal dialoguent pour raconter la vie quotidienne \u00e0 S\u00e8te au d\u00e9but du si\u00e8cle dernier.<\/p>\n<p><a href=\"http:\/\/occitanica.eu\/omeka\/items\/show\/2018\">Fulhetar l&#8217;obratge &gt;&gt;<\/a><\/td>\n<\/tr>\n<tr>\n<td><\/td>\n<\/tr>\n<\/tbody>\n<\/table>\n","protected":false},"excerpt":{"rendered":"<p>Lo 23 d&#8217;avril \u00e8ra la Sant J\u00f2rdi ! La m\u00e9diath\u00e8que num\u00e9rique Occitanica vous invite \u00e0 c\u00e9l\u00e9brer la f\u00eate du Livre en sa compagnie &nbsp; Eveniment Ven\u00e8tz festejar la Sant J\u00f2rdi al CIRD\u00d2C Samedi 27 avril, en partenariat avec la M\u00e9diath\u00e8que Andr\u00e9-Malraux et Languedoc-Roussillon Livre et Lecture, le CIRDOC investit la place du 14 Juillet de [&hellip;]<\/p>\n","protected":false},"author":1,"featured_media":197,"comment_status":"open","ping_status":"open","sticky":false,"template":"","format":"standard","meta":{"footnotes":""},"categories":[1],"tags":[],"class_list":["post-196","post","type-post","status-publish","format-standard","has-post-thumbnail","hentry","category-general"],"_links":{"self":[{"href":"https:\/\/vallespir.cat\/index.php?rest_route=\/wp\/v2\/posts\/196","targetHints":{"allow":["GET"]}}],"collection":[{"href":"https:\/\/vallespir.cat\/index.php?rest_route=\/wp\/v2\/posts"}],"about":[{"href":"https:\/\/vallespir.cat\/index.php?rest_route=\/wp\/v2\/types\/post"}],"author":[{"embeddable":true,"href":"https:\/\/vallespir.cat\/index.php?rest_route=\/wp\/v2\/users\/1"}],"replies":[{"embeddable":true,"href":"https:\/\/vallespir.cat\/index.php?rest_route=%2Fwp%2Fv2%2Fcomments&post=196"}],"version-history":[{"count":1,"href":"https:\/\/vallespir.cat\/index.php?rest_route=\/wp\/v2\/posts\/196\/revisions"}],"predecessor-version":[{"id":198,"href":"https:\/\/vallespir.cat\/index.php?rest_route=\/wp\/v2\/posts\/196\/revisions\/198"}],"wp:featuredmedia":[{"embeddable":true,"href":"https:\/\/vallespir.cat\/index.php?rest_route=\/wp\/v2\/media\/197"}],"wp:attachment":[{"href":"https:\/\/vallespir.cat\/index.php?rest_route=%2Fwp%2Fv2%2Fmedia&parent=196"}],"wp:term":[{"taxonomy":"category","embeddable":true,"href":"https:\/\/vallespir.cat\/index.php?rest_route=%2Fwp%2Fv2%2Fcategories&post=196"},{"taxonomy":"post_tag","embeddable":true,"href":"https:\/\/vallespir.cat\/index.php?rest_route=%2Fwp%2Fv2%2Ftags&post=196"}],"curies":[{"name":"wp","href":"https:\/\/api.w.org\/{rel}","templated":true}]}}