{"id":200,"date":"2013-05-19T12:58:28","date_gmt":"2013-05-19T10:58:28","guid":{"rendered":"http:\/\/www.vallespir.cat\/?p=200"},"modified":"2013-05-19T12:58:28","modified_gmt":"2013-05-19T10:58:28","slug":"de-prada-a-perpinya-pau-casals-el-mon-de-lexili","status":"publish","type":"post","link":"https:\/\/vallespir.cat\/?p=200","title":{"rendered":"De Prada \u00e0 Perpiny\u00e0, Pau Casals &#038; el m\u00f3n de l&#8217;exili"},"content":{"rendered":"<p><em><strong>Reportatges del fotoperiodista Jean Ribi\u00e8re [1944-1956] &#8211; <\/strong><\/em>A trav\u00e9s d\u2019uns 160 clix\u00e9s, realitzats del 1944 al 1956 pel fotoperiodista perpinyan\u00e8s Jean Ribi\u00e8re, descobrim la lluita condu\u00efda contra el franquisme i pel restabliment de la democr\u00e0cia a Espanya per prop de 40 000 refugiats pol\u00edtics espanyols des dels Pirineus Orientals. L&#8217;exposici\u00f3 &#8221;De Prada a Perpiny\u00e0, Pau Casals &amp; el m\u00f3n de l&#8217;exili. Reportatges del fotoperiodista Jean Ribi\u00e8re [1944-1956]&#8221; ensenya com, a costat de milers d\u2019an\u00f2nims, l&#8217;immens solista Pau Casals posa tot el seu art al servei d\u2019una causa noble i justa.<\/p>\n<p><strong>Una exposici\u00f3 de fotografies excepcional per descobrir a l\u2019Espai Maillol, el 3 de maig del 2013 a les 18h30<\/strong><\/p>\n","protected":false},"excerpt":{"rendered":"<p>Reportatges del fotoperiodista Jean Ribi\u00e8re [1944-1956] &#8211; A trav\u00e9s d\u2019uns 160 clix\u00e9s, realitzats del 1944 al 1956 pel fotoperiodista perpinyan\u00e8s Jean Ribi\u00e8re, descobrim la lluita condu\u00efda contra el franquisme i pel restabliment de la democr\u00e0cia a Espanya per prop de 40 000 refugiats pol\u00edtics espanyols des dels Pirineus Orientals. L&#8217;exposici\u00f3 &#8221;De Prada a Perpiny\u00e0, Pau [&hellip;]<\/p>\n","protected":false},"author":1,"featured_media":201,"comment_status":"open","ping_status":"open","sticky":false,"template":"","format":"standard","meta":{"footnotes":""},"categories":[1],"tags":[],"class_list":["post-200","post","type-post","status-publish","format-standard","has-post-thumbnail","hentry","category-general"],"_links":{"self":[{"href":"https:\/\/vallespir.cat\/index.php?rest_route=\/wp\/v2\/posts\/200","targetHints":{"allow":["GET"]}}],"collection":[{"href":"https:\/\/vallespir.cat\/index.php?rest_route=\/wp\/v2\/posts"}],"about":[{"href":"https:\/\/vallespir.cat\/index.php?rest_route=\/wp\/v2\/types\/post"}],"author":[{"embeddable":true,"href":"https:\/\/vallespir.cat\/index.php?rest_route=\/wp\/v2\/users\/1"}],"replies":[{"embeddable":true,"href":"https:\/\/vallespir.cat\/index.php?rest_route=%2Fwp%2Fv2%2Fcomments&post=200"}],"version-history":[{"count":1,"href":"https:\/\/vallespir.cat\/index.php?rest_route=\/wp\/v2\/posts\/200\/revisions"}],"predecessor-version":[{"id":202,"href":"https:\/\/vallespir.cat\/index.php?rest_route=\/wp\/v2\/posts\/200\/revisions\/202"}],"wp:featuredmedia":[{"embeddable":true,"href":"https:\/\/vallespir.cat\/index.php?rest_route=\/wp\/v2\/media\/201"}],"wp:attachment":[{"href":"https:\/\/vallespir.cat\/index.php?rest_route=%2Fwp%2Fv2%2Fmedia&parent=200"}],"wp:term":[{"taxonomy":"category","embeddable":true,"href":"https:\/\/vallespir.cat\/index.php?rest_route=%2Fwp%2Fv2%2Fcategories&post=200"},{"taxonomy":"post_tag","embeddable":true,"href":"https:\/\/vallespir.cat\/index.php?rest_route=%2Fwp%2Fv2%2Ftags&post=200"}],"curies":[{"name":"wp","href":"https:\/\/api.w.org\/{rel}","templated":true}]}}