{"id":203,"date":"2013-06-20T12:11:03","date_gmt":"2013-06-20T10:11:03","guid":{"rendered":"http:\/\/www.vallespir.cat\/?p=203"},"modified":"2013-07-15T13:05:36","modified_gmt":"2013-07-15T11:05:36","slug":"convocatoria-assemblea-general-de-la-federacio-dentitats-culturals-nord-catalanes","status":"publish","type":"post","link":"https:\/\/vallespir.cat\/?p=203","title":{"rendered":"Convocat\u00f2ria Assemblea General de la Federaci\u00f3 d&#8217;Entitats culturals nord-catalanes"},"content":{"rendered":"<div><span style=\"color: #000000; font-size: medium;\">Dimecres 4 de juliol del 2014 a les 19h la Federaci\u00f3 celebrar\u00e0 l&#8217;Assemblea General Ordin\u00e0ria al Casal Jaume 1er de Perpiny\u00e0<\/span><span style=\"color: #000000;\"> (23 avinguda del Liceu).<\/span><\/div>\n<div><\/div>\n<div>Ordre del dia:<\/div>\n<ul>\n<li><span style=\"color: #000000; font-family: Times;\">Balan\u00e7 financer per la tresorera Empar Noguer<\/span><\/li>\n<li><span style=\"color: #000000; font-family: Times;\">Balan\u00e7 d&#8217;activitats: actes del 7 de novembre, rifla pel catal\u00e0, dictat, Potonejada, TV3 &#8230;<\/span><\/li>\n<li><span style=\"color: #000000; font-family: Times;\">Aprovaci\u00f3 dels nous estatuts presentats per la Comissi\u00f3 Gestora.<\/span><\/li>\n<li><span style=\"color: #000000; font-family: Times;\">Full de ruta presentat per la Comissi\u00f3 Gestora.<\/span><\/li>\n<li><span style=\"color: #000000; font-family: Times;\">Elecci\u00f3 d&#8217;una nova Mesa i Consell d&#8217;Administraci\u00f3.<\/span><\/li>\n<li><span style=\"color: #000000; font-family: Times;\">Diversos: 11 de setembre, Manifest dels 1659.<\/span><\/li>\n<\/ul>\n","protected":false},"excerpt":{"rendered":"<p>Dimecres 4 de juliol del 2014 a les 19h la Federaci\u00f3 celebrar\u00e0 l&#8217;Assemblea General Ordin\u00e0ria al Casal Jaume 1er de Perpiny\u00e0 (23 avinguda del Liceu). Ordre del dia: Balan\u00e7 financer per la tresorera Empar Noguer Balan\u00e7 d&#8217;activitats: actes del 7 de novembre, rifla pel catal\u00e0, dictat, Potonejada, TV3 &#8230; Aprovaci\u00f3 dels nous estatuts presentats per [&hellip;]<\/p>\n","protected":false},"author":1,"featured_media":204,"comment_status":"open","ping_status":"open","sticky":false,"template":"","format":"standard","meta":{"footnotes":""},"categories":[1],"tags":[],"class_list":["post-203","post","type-post","status-publish","format-standard","has-post-thumbnail","hentry","category-general"],"_links":{"self":[{"href":"https:\/\/vallespir.cat\/index.php?rest_route=\/wp\/v2\/posts\/203","targetHints":{"allow":["GET"]}}],"collection":[{"href":"https:\/\/vallespir.cat\/index.php?rest_route=\/wp\/v2\/posts"}],"about":[{"href":"https:\/\/vallespir.cat\/index.php?rest_route=\/wp\/v2\/types\/post"}],"author":[{"embeddable":true,"href":"https:\/\/vallespir.cat\/index.php?rest_route=\/wp\/v2\/users\/1"}],"replies":[{"embeddable":true,"href":"https:\/\/vallespir.cat\/index.php?rest_route=%2Fwp%2Fv2%2Fcomments&post=203"}],"version-history":[{"count":3,"href":"https:\/\/vallespir.cat\/index.php?rest_route=\/wp\/v2\/posts\/203\/revisions"}],"predecessor-version":[{"id":208,"href":"https:\/\/vallespir.cat\/index.php?rest_route=\/wp\/v2\/posts\/203\/revisions\/208"}],"wp:featuredmedia":[{"embeddable":true,"href":"https:\/\/vallespir.cat\/index.php?rest_route=\/wp\/v2\/media\/204"}],"wp:attachment":[{"href":"https:\/\/vallespir.cat\/index.php?rest_route=%2Fwp%2Fv2%2Fmedia&parent=203"}],"wp:term":[{"taxonomy":"category","embeddable":true,"href":"https:\/\/vallespir.cat\/index.php?rest_route=%2Fwp%2Fv2%2Fcategories&post=203"},{"taxonomy":"post_tag","embeddable":true,"href":"https:\/\/vallespir.cat\/index.php?rest_route=%2Fwp%2Fv2%2Ftags&post=203"}],"curies":[{"name":"wp","href":"https:\/\/api.w.org\/{rel}","templated":true}]}}