{"id":212,"date":"2013-08-20T13:58:00","date_gmt":"2013-08-20T11:58:00","guid":{"rendered":"http:\/\/www.vallespir.cat\/?p=212"},"modified":"2013-08-20T13:59:00","modified_gmt":"2013-08-20T11:59:00","slug":"programa-de-la-diada-el-pertus-per-les-associacions-del-cccv","status":"publish","type":"post","link":"https:\/\/vallespir.cat\/?p=212","title":{"rendered":"Programa de la diada el Pert\u00fas per  les associacions del CCCV"},"content":{"rendered":"<div>Programa de la diada el Pert\u00fas\u00a0perqu\u00e8 \u00a0les associacions del CCCV puguinapuntar-se i\u00a0participar a la via humana.\u00a0La Via s&#8217;allarga cap al sud i cap al nord<a href=\"http:\/\/us7.campaign-archive1.com\/?u=d799cb01c720f3a3b21e5e26c&amp;id=b99719107d&amp;e=ccb0d7163c\">http:\/\/us7.campaign-archive1.com\/?u=d799cb01c720f3a3b21e5e26c&amp;id=b99719107d&amp;e=ccb0d7163c<\/a><\/p>\n<p>La Via Catalana s&#8217;allargar\u00e0\u00a0m\u00e9s enll\u00e0 del Port\u00fas i anir\u00e0 direcci\u00f3 el Vol\u00f3.<\/p>\n<\/div>\n<blockquote>\n<div>Aquesta voluntat\u00a0d&#8217;allargar la Via Catalana neix del sentiment que com a catalans no\u00a0podem ser simples espectadors del moment hist\u00f2ric que viuen els\u00a0ciutadans de la Comunitat Aut\u00f2noma de Catalunya. S&#8217;est\u00e0 preparant\u00a0canvis que ens afectaran.Jo tamb\u00e9 vull ser protagonista de la hist\u00f2ria el dia 11 de setembre<\/p>\n<p>Des de Catalunya Nord evidenciarem el nostre suport al poble de la Comunitat aut\u00f2noma de Catalunya amb diferents actes tot al llarg del dia. El primer el protagonitzar\u00e0 el Foment 11 de Setembre al moment de<br \/>\nl&#8217;eixida del sol a la Pica del Canig\u00f3, altres seguiran al Castell de Ri\u00e0, a la Porta dels Pa\u00efsos Catalans, al Vol\u00f3, al Port\u00fas.<\/p>\n<\/div>\n<\/blockquote>\n<blockquote>\n<div>L\u201911 de setembre del 2013 ciutadans de Catalunya Nord i voltants correran per a sostenir el projecte catal\u00e0 d\u2019anar cap a la\u00a0independ\u00e8ncia.<\/div>\n<\/blockquote>\n<p>La proposta de la cursa que portar\u00e0 del Vol\u00f3 al Port\u00fas ser\u00e0 un dels nombrosos actes del dia&#8230; m\u00e9s informacions a:<br \/>\n<a href=\"http:\/\/catalunyanord.us7.list-manage.com\/track\/click?u=d799cb01c720f3a3b21e5e26c&amp;id=56827000e5&amp;e=ccb0d7163c\">http:\/\/catalunyanord.us7.list-manage.com\/track\/click?u=d799cb01c720f3a3b21e5e26c&amp;id=56827000e5&amp;e=ccb0d7163c<\/a><br \/>\n================<br \/>\nNota les dates:<\/p>\n<p>* 17 d&#8217;agost: assaig de Cadena Humana a Prada<br \/>\n* 24 d&#8217;agost: presentaci\u00f3 de la Via Catalana a Ceret<br \/>\n* 8 de setembre: acte de presentaci\u00f3 a Montbol\u00f3<\/p>\n<p>A Perpiny\u00e0 i a Barcelona, els 20 i 21 de setembre s&#8217;homenatjar\u00e0 el Cala i tota una generaci\u00f3 oblidada, un home i una generaci\u00f3 sense els quals avui no parlar\u00edem pas de Catalunya com del proper Estat\u00a0d&#8217;Europa.<\/p>\n","protected":false},"excerpt":{"rendered":"<p>Programa de la diada el Pert\u00fas\u00a0perqu\u00e8 \u00a0les associacions del CCCV puguinapuntar-se i\u00a0participar a la via humana.\u00a0La Via s&#8217;allarga cap al sud i cap al nordhttp:\/\/us7.campaign-archive1.com\/?u=d799cb01c720f3a3b21e5e26c&amp;id=b99719107d&amp;e=ccb0d7163c La Via Catalana s&#8217;allargar\u00e0\u00a0m\u00e9s enll\u00e0 del Port\u00fas i anir\u00e0 direcci\u00f3 el Vol\u00f3. Aquesta voluntat\u00a0d&#8217;allargar la Via Catalana neix del sentiment que com a catalans no\u00a0podem ser simples espectadors del moment [&hellip;]<\/p>\n","protected":false},"author":1,"featured_media":213,"comment_status":"open","ping_status":"open","sticky":false,"template":"","format":"standard","meta":{"footnotes":""},"categories":[1],"tags":[],"class_list":["post-212","post","type-post","status-publish","format-standard","has-post-thumbnail","hentry","category-general"],"_links":{"self":[{"href":"https:\/\/vallespir.cat\/index.php?rest_route=\/wp\/v2\/posts\/212","targetHints":{"allow":["GET"]}}],"collection":[{"href":"https:\/\/vallespir.cat\/index.php?rest_route=\/wp\/v2\/posts"}],"about":[{"href":"https:\/\/vallespir.cat\/index.php?rest_route=\/wp\/v2\/types\/post"}],"author":[{"embeddable":true,"href":"https:\/\/vallespir.cat\/index.php?rest_route=\/wp\/v2\/users\/1"}],"replies":[{"embeddable":true,"href":"https:\/\/vallespir.cat\/index.php?rest_route=%2Fwp%2Fv2%2Fcomments&post=212"}],"version-history":[{"count":2,"href":"https:\/\/vallespir.cat\/index.php?rest_route=\/wp\/v2\/posts\/212\/revisions"}],"predecessor-version":[{"id":215,"href":"https:\/\/vallespir.cat\/index.php?rest_route=\/wp\/v2\/posts\/212\/revisions\/215"}],"wp:featuredmedia":[{"embeddable":true,"href":"https:\/\/vallespir.cat\/index.php?rest_route=\/wp\/v2\/media\/213"}],"wp:attachment":[{"href":"https:\/\/vallespir.cat\/index.php?rest_route=%2Fwp%2Fv2%2Fmedia&parent=212"}],"wp:term":[{"taxonomy":"category","embeddable":true,"href":"https:\/\/vallespir.cat\/index.php?rest_route=%2Fwp%2Fv2%2Fcategories&post=212"},{"taxonomy":"post_tag","embeddable":true,"href":"https:\/\/vallespir.cat\/index.php?rest_route=%2Fwp%2Fv2%2Ftags&post=212"}],"curies":[{"name":"wp","href":"https:\/\/api.w.org\/{rel}","templated":true}]}}