{"id":220,"date":"2013-09-16T10:52:52","date_gmt":"2013-09-16T08:52:52","guid":{"rendered":"http:\/\/www.vallespir.cat\/?p=220"},"modified":"2013-09-16T10:52:52","modified_gmt":"2013-09-16T08:52:52","slug":"video-de-la-via-catalana-de-l11-de-setembre-de-2013","status":"publish","type":"post","link":"https:\/\/vallespir.cat\/?p=220","title":{"rendered":"Video de la Via Catalana de l&#8217;11 de setembre de 2013"},"content":{"rendered":"<p>Mentre la Via Catalana de l&#8217;11 de setembre d&#8217;enguany se celebrava d&#8217;una forma\u00a0 pac\u00edfica i festiva al llarg de 400km de Vinar\u00f3s al Pert\u00fas, a Madrid un grup d&#8217;ultradreta\u00a0 interrumpia\u00a0violentment un\u00a0acte oficial a la delegaci\u00f3 de Catalunya. Quin contrast !<\/p>\n<p><strong><a href=\"http:\/\/www.324.cat\/video\/4672753\">http:\/\/www.324.cat\/video\/4672753<\/a><\/strong><\/p>\n<h4>Article de Tornaveu:<\/h4>\n<p><strong><a href=\"http:\/\/www.tornaveu.cat\/shadit\/la-cultura-popular-a-la-via-catalana\">http:\/\/www.tornaveu.cat\/shadit\/la-cultura-popular-a-la-via-catalana<\/a><\/strong><\/p>\n","protected":false},"excerpt":{"rendered":"<p>Mentre la Via Catalana de l&#8217;11 de setembre d&#8217;enguany se celebrava d&#8217;una forma\u00a0 pac\u00edfica i festiva al llarg de 400km de Vinar\u00f3s al Pert\u00fas, a Madrid un grup d&#8217;ultradreta\u00a0 interrumpia\u00a0violentment un\u00a0acte oficial a la delegaci\u00f3 de Catalunya. Quin contrast ! http:\/\/www.324.cat\/video\/4672753 Article de Tornaveu: http:\/\/www.tornaveu.cat\/shadit\/la-cultura-popular-a-la-via-catalana<\/p>\n","protected":false},"author":1,"featured_media":221,"comment_status":"open","ping_status":"open","sticky":false,"template":"","format":"standard","meta":{"footnotes":""},"categories":[1],"tags":[],"class_list":["post-220","post","type-post","status-publish","format-standard","has-post-thumbnail","hentry","category-general"],"_links":{"self":[{"href":"https:\/\/vallespir.cat\/index.php?rest_route=\/wp\/v2\/posts\/220","targetHints":{"allow":["GET"]}}],"collection":[{"href":"https:\/\/vallespir.cat\/index.php?rest_route=\/wp\/v2\/posts"}],"about":[{"href":"https:\/\/vallespir.cat\/index.php?rest_route=\/wp\/v2\/types\/post"}],"author":[{"embeddable":true,"href":"https:\/\/vallespir.cat\/index.php?rest_route=\/wp\/v2\/users\/1"}],"replies":[{"embeddable":true,"href":"https:\/\/vallespir.cat\/index.php?rest_route=%2Fwp%2Fv2%2Fcomments&post=220"}],"version-history":[{"count":1,"href":"https:\/\/vallespir.cat\/index.php?rest_route=\/wp\/v2\/posts\/220\/revisions"}],"predecessor-version":[{"id":222,"href":"https:\/\/vallespir.cat\/index.php?rest_route=\/wp\/v2\/posts\/220\/revisions\/222"}],"wp:featuredmedia":[{"embeddable":true,"href":"https:\/\/vallespir.cat\/index.php?rest_route=\/wp\/v2\/media\/221"}],"wp:attachment":[{"href":"https:\/\/vallespir.cat\/index.php?rest_route=%2Fwp%2Fv2%2Fmedia&parent=220"}],"wp:term":[{"taxonomy":"category","embeddable":true,"href":"https:\/\/vallespir.cat\/index.php?rest_route=%2Fwp%2Fv2%2Fcategories&post=220"},{"taxonomy":"post_tag","embeddable":true,"href":"https:\/\/vallespir.cat\/index.php?rest_route=%2Fwp%2Fv2%2Ftags&post=220"}],"curies":[{"name":"wp","href":"https:\/\/api.w.org\/{rel}","templated":true}]}}