{"id":234,"date":"2013-12-02T11:04:20","date_gmt":"2013-12-02T10:04:20","guid":{"rendered":"http:\/\/www.vallespir.cat\/?p=234"},"modified":"2013-12-02T11:04:20","modified_gmt":"2013-12-02T10:04:20","slug":"homenatge-a-la-nostra-teresa-rebull","status":"publish","type":"post","link":"https:\/\/vallespir.cat\/?p=234","title":{"rendered":"Homenatge a la nostra Teresa Rebull"},"content":{"rendered":"<div>Text de Neus Pinart:<\/div>\n<div>\n<p><em>Hi ha vegades que la vida regala moments m\u00e0gics. Un d\u2019aquests es va produir el passat 17 de novembre, al Teatre Eliseu de Roda de Ter, en la cloenda de les Jornades Miquel Mart\u00ed i Pol. Quan la Teresa es va assabentar que la Coral Primavera per la Pau, de Matar\u00f3, participaria en la cloenda de les Jornades cantant alguns dels poemes del poeta, va dir que ella tamb\u00e9 volia ser-hi, per l\u2019amistat que els unia.\u00a0La Teresa, amb 94 anys a l\u2019esquena, ja no t\u00e9 aquella cabellera negra, per\u00f2 t\u00e9 el mateix somriure i els mateixos ulls. Va amb cadira de rodes, per\u00f2 segueix essent una dona lluitadora, compromesa i ferma. Ens ho va demostrar dalt de l\u2019escenari, acompanyant les seves pr\u00f2pies can\u00e7ons \u201cEl meu pa\u00eds\u201d i \u201cTamb\u00e9 per tu\u201d. El p\u00fablic del Teatre Eliseu, espont\u00e0niament, va aixecar-se i dempeus la va ovacionar llarga estona. Va ser una c\u00e0lida acollida<\/em>.<\/p>\n<p><a href=\"http:\/\/www.vallespir.cat\/wp-content\/uploads\/2013\/12\/Teresa-Rebull-a-Roda-de-Ter-1-Foto-de-Jaume-Torrent-i-Oriol.jpg\"><img loading=\"lazy\" decoding=\"async\" class=\"aligncenter size-full wp-image-236\" title=\"Teresa-Rebull-a-Roda-de-Ter-1-Foto-de-Jaume-Torrent-i-Oriol\" src=\"http:\/\/www.vallespir.cat\/wp-content\/uploads\/2013\/12\/Teresa-Rebull-a-Roda-de-Ter-1-Foto-de-Jaume-Torrent-i-Oriol.jpg\" alt=\"\" width=\"620\" height=\"465\" srcset=\"https:\/\/vallespir.cat\/wp-content\/uploads\/2013\/12\/Teresa-Rebull-a-Roda-de-Ter-1-Foto-de-Jaume-Torrent-i-Oriol.jpg 620w, https:\/\/vallespir.cat\/wp-content\/uploads\/2013\/12\/Teresa-Rebull-a-Roda-de-Ter-1-Foto-de-Jaume-Torrent-i-Oriol-300x225.jpg 300w\" sizes=\"auto, (max-width: 620px) 100vw, 620px\" \/><\/a><\/p>\n<p>&nbsp;<\/p>\n<\/div>\n","protected":false},"excerpt":{"rendered":"<p>Text de Neus Pinart: Hi ha vegades que la vida regala moments m\u00e0gics. Un d\u2019aquests es va produir el passat 17 de novembre, al Teatre Eliseu de Roda de Ter, en la cloenda de les Jornades Miquel Mart\u00ed i Pol. Quan la Teresa es va assabentar que la Coral Primavera per la Pau, de Matar\u00f3, [&hellip;]<\/p>\n","protected":false},"author":1,"featured_media":235,"comment_status":"open","ping_status":"open","sticky":false,"template":"","format":"standard","meta":{"footnotes":""},"categories":[1],"tags":[],"class_list":["post-234","post","type-post","status-publish","format-standard","has-post-thumbnail","hentry","category-general"],"_links":{"self":[{"href":"https:\/\/vallespir.cat\/index.php?rest_route=\/wp\/v2\/posts\/234","targetHints":{"allow":["GET"]}}],"collection":[{"href":"https:\/\/vallespir.cat\/index.php?rest_route=\/wp\/v2\/posts"}],"about":[{"href":"https:\/\/vallespir.cat\/index.php?rest_route=\/wp\/v2\/types\/post"}],"author":[{"embeddable":true,"href":"https:\/\/vallespir.cat\/index.php?rest_route=\/wp\/v2\/users\/1"}],"replies":[{"embeddable":true,"href":"https:\/\/vallespir.cat\/index.php?rest_route=%2Fwp%2Fv2%2Fcomments&post=234"}],"version-history":[{"count":1,"href":"https:\/\/vallespir.cat\/index.php?rest_route=\/wp\/v2\/posts\/234\/revisions"}],"predecessor-version":[{"id":237,"href":"https:\/\/vallespir.cat\/index.php?rest_route=\/wp\/v2\/posts\/234\/revisions\/237"}],"wp:featuredmedia":[{"embeddable":true,"href":"https:\/\/vallespir.cat\/index.php?rest_route=\/wp\/v2\/media\/235"}],"wp:attachment":[{"href":"https:\/\/vallespir.cat\/index.php?rest_route=%2Fwp%2Fv2%2Fmedia&parent=234"}],"wp:term":[{"taxonomy":"category","embeddable":true,"href":"https:\/\/vallespir.cat\/index.php?rest_route=%2Fwp%2Fv2%2Fcategories&post=234"},{"taxonomy":"post_tag","embeddable":true,"href":"https:\/\/vallespir.cat\/index.php?rest_route=%2Fwp%2Fv2%2Ftags&post=234"}],"curies":[{"name":"wp","href":"https:\/\/api.w.org\/{rel}","templated":true}]}}