{"id":244,"date":"2013-12-18T18:51:49","date_gmt":"2013-12-18T17:51:49","guid":{"rendered":"http:\/\/www.vallespir.cat\/?p=244"},"modified":"2013-12-18T18:51:49","modified_gmt":"2013-12-18T17:51:49","slug":"contes-empipats-de-miquel-amaudies","status":"publish","type":"post","link":"https:\/\/vallespir.cat\/?p=244","title":{"rendered":"Contes Empipats de Miquel Amaudies"},"content":{"rendered":"<p>Xerrada proposada per Miquel Arnaudies, president del CCCV, a la Mediateca Ludovic Mass\u00e9 de Ceret, dissabte 21 de desembre a 2\/4 de 3h, entorn del tema &#8220;D&#8217;un catal\u00e0 oral a un catal\u00e0 escrit&#8221;. Contes Empipats \u00e9s editat per les edicions Trabucairede Perpiny\u00e0.<\/p>\n","protected":false},"excerpt":{"rendered":"<p>Xerrada proposada per Miquel Arnaudies, president del CCCV, a la Mediateca Ludovic Mass\u00e9 de Ceret, dissabte 21 de desembre a 2\/4 de 3h, entorn del tema &#8220;D&#8217;un catal\u00e0 oral a un catal\u00e0 escrit&#8221;. Contes Empipats \u00e9s editat per les edicions Trabucairede Perpiny\u00e0.<\/p>\n","protected":false},"author":1,"featured_media":245,"comment_status":"open","ping_status":"open","sticky":false,"template":"","format":"standard","meta":{"footnotes":""},"categories":[1],"tags":[],"class_list":["post-244","post","type-post","status-publish","format-standard","has-post-thumbnail","hentry","category-general"],"_links":{"self":[{"href":"https:\/\/vallespir.cat\/index.php?rest_route=\/wp\/v2\/posts\/244","targetHints":{"allow":["GET"]}}],"collection":[{"href":"https:\/\/vallespir.cat\/index.php?rest_route=\/wp\/v2\/posts"}],"about":[{"href":"https:\/\/vallespir.cat\/index.php?rest_route=\/wp\/v2\/types\/post"}],"author":[{"embeddable":true,"href":"https:\/\/vallespir.cat\/index.php?rest_route=\/wp\/v2\/users\/1"}],"replies":[{"embeddable":true,"href":"https:\/\/vallespir.cat\/index.php?rest_route=%2Fwp%2Fv2%2Fcomments&post=244"}],"version-history":[{"count":1,"href":"https:\/\/vallespir.cat\/index.php?rest_route=\/wp\/v2\/posts\/244\/revisions"}],"predecessor-version":[{"id":246,"href":"https:\/\/vallespir.cat\/index.php?rest_route=\/wp\/v2\/posts\/244\/revisions\/246"}],"wp:featuredmedia":[{"embeddable":true,"href":"https:\/\/vallespir.cat\/index.php?rest_route=\/wp\/v2\/media\/245"}],"wp:attachment":[{"href":"https:\/\/vallespir.cat\/index.php?rest_route=%2Fwp%2Fv2%2Fmedia&parent=244"}],"wp:term":[{"taxonomy":"category","embeddable":true,"href":"https:\/\/vallespir.cat\/index.php?rest_route=%2Fwp%2Fv2%2Fcategories&post=244"},{"taxonomy":"post_tag","embeddable":true,"href":"https:\/\/vallespir.cat\/index.php?rest_route=%2Fwp%2Fv2%2Ftags&post=244"}],"curies":[{"name":"wp","href":"https:\/\/api.w.org\/{rel}","templated":true}]}}