{"id":252,"date":"2014-01-18T12:11:18","date_gmt":"2014-01-18T11:11:18","guid":{"rendered":"http:\/\/www.vallespir.cat\/?p=252"},"modified":"2014-01-18T12:14:04","modified_gmt":"2014-01-18T11:14:04","slug":"noticies-de-lescola-de-catala-del-volo","status":"publish","type":"post","link":"https:\/\/vallespir.cat\/?p=252","title":{"rendered":"Not\u00edcies de l&#8217;Escola de Catal\u00e0 del Vol\u00f3"},"content":{"rendered":"<p>L\u2019Escola de Catal\u00e0 del Vol\u00f3 va celebrar la seva Assemblea General el 12 de Gener passat amb una assist\u00e8ncia de 90 persones i amb l\u2019objectiu de continuar la difusi\u00f3 del coneixement i l\u2019ensenyament de la llengua catalana. A m\u00e9s dels dos cursos de llengua els dimarts i dijous, l&#8217;Escola de Catal\u00e0 organitza ballades de sardanes, un taller de cant, aix\u00ed com la festa de La Primavera i participa a la festa de Sant Jordi, sortides i visites culturals,com la de Castell\u00f3 d&#8217;Emp\u00faries aquest passat 2013.<\/p>\n<p>Adherir-se a l\u2019Escola de Catal\u00e0 \u00e9s un compromis moral perqu\u00e8 donem valor a una llengua poc reconeguda a Fran\u00e7a. Ho fem dins un ambient de convivi\u00e8ncia i d\u2019amistat entre tots nosaltres, catalans d\u2019origen i d\u2019adopci\u00f3, tots plegats. Si tens ganes d\u2019aprendre la llengua o millorar-la, si vols ballar la sardana per\u00f2 tamb\u00e9 cantar, pujar al Canig\u00f3,fer sortides culturals i menjars amistosos, vine a l\u2019Escola de catal\u00e0 del Vol\u00f3 !<\/p>\n<p><a href=\"http:\/\/www.vallespir.cat\/wp-content\/uploads\/2014\/01\/escola.jpg\"><img loading=\"lazy\" decoding=\"async\" class=\"aligncenter size-medium wp-image-255\" title=\"escola\" src=\"http:\/\/www.vallespir.cat\/wp-content\/uploads\/2014\/01\/escola-300x105.jpg\" alt=\"\" width=\"300\" height=\"105\" srcset=\"https:\/\/vallespir.cat\/wp-content\/uploads\/2014\/01\/escola-300x105.jpg 300w, https:\/\/vallespir.cat\/wp-content\/uploads\/2014\/01\/escola-1024x360.jpg 1024w, https:\/\/vallespir.cat\/wp-content\/uploads\/2014\/01\/escola.jpg 1366w\" sizes=\"auto, (max-width: 300px) 100vw, 300px\" \/><\/a><\/p>\n","protected":false},"excerpt":{"rendered":"<p>L\u2019Escola de Catal\u00e0 del Vol\u00f3 va celebrar la seva Assemblea General el 12 de Gener passat amb una assist\u00e8ncia de 90 persones i amb l\u2019objectiu de continuar la difusi\u00f3 del coneixement i l\u2019ensenyament de la llengua catalana. A m\u00e9s dels dos cursos de llengua els dimarts i dijous, l&#8217;Escola de Catal\u00e0 organitza ballades de sardanes, [&hellip;]<\/p>\n","protected":false},"author":1,"featured_media":255,"comment_status":"open","ping_status":"open","sticky":false,"template":"","format":"standard","meta":{"footnotes":""},"categories":[1],"tags":[],"class_list":["post-252","post","type-post","status-publish","format-standard","has-post-thumbnail","hentry","category-general"],"_links":{"self":[{"href":"https:\/\/vallespir.cat\/index.php?rest_route=\/wp\/v2\/posts\/252","targetHints":{"allow":["GET"]}}],"collection":[{"href":"https:\/\/vallespir.cat\/index.php?rest_route=\/wp\/v2\/posts"}],"about":[{"href":"https:\/\/vallespir.cat\/index.php?rest_route=\/wp\/v2\/types\/post"}],"author":[{"embeddable":true,"href":"https:\/\/vallespir.cat\/index.php?rest_route=\/wp\/v2\/users\/1"}],"replies":[{"embeddable":true,"href":"https:\/\/vallespir.cat\/index.php?rest_route=%2Fwp%2Fv2%2Fcomments&post=252"}],"version-history":[{"count":3,"href":"https:\/\/vallespir.cat\/index.php?rest_route=\/wp\/v2\/posts\/252\/revisions"}],"predecessor-version":[{"id":257,"href":"https:\/\/vallespir.cat\/index.php?rest_route=\/wp\/v2\/posts\/252\/revisions\/257"}],"wp:featuredmedia":[{"embeddable":true,"href":"https:\/\/vallespir.cat\/index.php?rest_route=\/wp\/v2\/media\/255"}],"wp:attachment":[{"href":"https:\/\/vallespir.cat\/index.php?rest_route=%2Fwp%2Fv2%2Fmedia&parent=252"}],"wp:term":[{"taxonomy":"category","embeddable":true,"href":"https:\/\/vallespir.cat\/index.php?rest_route=%2Fwp%2Fv2%2Fcategories&post=252"},{"taxonomy":"post_tag","embeddable":true,"href":"https:\/\/vallespir.cat\/index.php?rest_route=%2Fwp%2Fv2%2Ftags&post=252"}],"curies":[{"name":"wp","href":"https:\/\/api.w.org\/{rel}","templated":true}]}}