{"id":262,"date":"2014-02-28T14:12:03","date_gmt":"2014-02-28T13:12:03","guid":{"rendered":"http:\/\/www.vallespir.cat\/?p=262"},"modified":"2014-03-01T14:12:17","modified_gmt":"2014-03-01T13:12:17","slug":"revista-vallespir-num-10","status":"publish","type":"post","link":"https:\/\/vallespir.cat\/?p=262","title":{"rendered":"Revista Vallespir N\u00fam 10"},"content":{"rendered":"<p>D\u2019en\u00e7\u00e0 de la reaparici\u00f3 de Vallespir n\u00fam. 1, el 2005 (que iniciava una 3ra \u00e8poca), hem arribat al n\u00famero 10 de la nostra publicaci\u00f3 Vallespir. Ho hem aconseguit, malgrat les dificultats de tota mena, per\u00f2 tamb\u00e9 amb alguns encerts i certes alegries. En aquesta ocasi\u00f3, el consell de redacci\u00f3 va desitjar esmer\u00e7ar un esfor\u00e7 especial en la seva presentaci\u00f3 gr\u00e0fica i el seu contingut literari i cultural.<\/p>\n<p>El 2013, any aniversari del naixement del nostre gran poeta Salvador Espriu, nosaltres tamb\u00e9, des d\u2019aquest petit rac\u00f3 del pa\u00eds, amagat entre dues serralades, vam voler retre-li un homenatge humil i fervor\u00f3s. Durant la llarga nit del franquisme, Espriu era l\u2019expressi\u00f3 de tots aquells exiliats interns infinits.<\/p>\n<p>Era la paraula clara i n\u00edtida de tots els sense veu, i va inspirar cantants i noves generacions de futurs ciutadans catalans. Moltes institucions catalanes i associacions de cultura popular l\u2019han homenatjat, amb actes il\u00b7lustres i diversos, arreu de Catalunya, i nosaltres tamb\u00e9 hem volgut ajuntar la nostra pr\u00f2pia veu a l\u2019unison de totes aquelles altres veus agermanades en el record.<\/p>\n<p>Presentem en aquest n\u00famero uns poemes de Salvador Espriu molt coneguts pels catalans que van ser com manifestos de dignitat humana i que, potser, alguns vallespirencs o nord-catalans ignoraven, perqu\u00e8 ells, per sort, no patien de la privaci\u00f3 de les llibertats elementals.<\/p>\n<p>Dediquem un poema al poeta Salvador Espriu i d\u2019altres poemes de Carme Pag\u00e8s que fan sentir la veu germana de l\u2019Alt Empord\u00e0. Tenim tamb\u00e9 el goig de presentar un jove escriptor, J. Riart, que ens ofereix el seu primer text \u201cMimi\u201d, que encantar\u00e0 els vallespirencs.<\/p>\n<p>L\u2019escriptor Joan Tocabens, que viu al Pert\u00fas, damunt mateix de la ratlla, ens ofereix un text singular inspirat de la hist\u00f2ria, la vida i la lluita dels Angelets. Vallespir 10 presenta, temes hist\u00f2rics, com l\u2019epopeia del Castell de Montferrer contada per l\u2019Enric Loreto d\u2019Arles, i un estudi de Llu\u00eds Mir\u00f2 Sol\u00e0, ve\u00ed de Cortsav\u00ed sobre els trabucaires.<\/p>\n<p>El fil\u00f2leg Joan Escudero ens presenta un tema de llengua amb els diccionaris de Renat Botet de Ceret, al qual retem tamb\u00e9 homenatge per la seva incansable feina de fil\u00f2leg rossellon\u00e8s. A la secci\u00f3 Art, comptem amb la presentaci\u00f3 de l\u2019admirable exposici\u00f3 d\u2019escultura \u201cTerra Ignis\u201d de l\u2019artista mallorqu\u00ed Miquel Barcel\u00f3, per la senyora Nathalie Galisseau, directora del Museu d\u2019Art Modern de Ceret.<\/p>\n<p>Presentem tamb\u00e9 un altre escultor de les nostres contrades, Gustau Violet. La M\u00fasica \u00e9s present amb la descripci\u00f3 del programa del Festival de M\u00fasica a la Catalunya Rom\u00e0nica per Carles Greiveldinger-Winling i Enric Loreto. No hi falta tampoc l\u2019expressi\u00f3 de la nostra solidaritat i obertura al m\u00f3n, amb la cultura de la Bretanya. Molts catalans la visiten i l\u2019aprecien, potser sense descobrir tot all\u00f2 que ens uneix per damunt les difer\u00e8ncies. Ells, atl\u00e0ntics i c\u00e8ltics, i nosaltres, mediterranis i llatins.<\/p>\n<p>Per\u00f2, per sobre de tot, amb un futur com\u00fa, a inventar i a compartir junts. Acabem la nostra contraportada amb una auca dedicada a Salvador Espriu realitzada per l\u2019amic Joan Vilamala, de Manresa. Aquesta auca ajudar\u00e0 a entendre millor l\u2019obra i la vida de Salvador Espriu als alumnes de les fileres biling\u00fces de les escoles i col\u00b7legis del Vallespir, i tots els seus habitants.<\/p>\n<p><a href=\"http:\/\/www.vallespir.cat\/wp-content\/uploads\/2014\/03\/portada-10.jpg\"><img loading=\"lazy\" decoding=\"async\" class=\"aligncenter size-full wp-image-264\" title=\"portada 10\" src=\"http:\/\/www.vallespir.cat\/wp-content\/uploads\/2014\/03\/portada-10.jpg\" alt=\"\" width=\"588\" height=\"839\" srcset=\"https:\/\/vallespir.cat\/wp-content\/uploads\/2014\/03\/portada-10.jpg 588w, https:\/\/vallespir.cat\/wp-content\/uploads\/2014\/03\/portada-10-210x300.jpg 210w\" sizes=\"auto, (max-width: 588px) 100vw, 588px\" \/><\/a><\/p>\n","protected":false},"excerpt":{"rendered":"<p>D\u2019en\u00e7\u00e0 de la reaparici\u00f3 de Vallespir n\u00fam. 1, el 2005 (que iniciava una 3ra \u00e8poca), hem arribat al n\u00famero 10 de la nostra publicaci\u00f3 Vallespir. Ho hem aconseguit, malgrat les dificultats de tota mena, per\u00f2 tamb\u00e9 amb alguns encerts i certes alegries. En aquesta ocasi\u00f3, el consell de redacci\u00f3 va desitjar esmer\u00e7ar un esfor\u00e7 especial [&hellip;]<\/p>\n","protected":false},"author":1,"featured_media":263,"comment_status":"open","ping_status":"open","sticky":false,"template":"","format":"standard","meta":{"footnotes":""},"categories":[1],"tags":[],"class_list":["post-262","post","type-post","status-publish","format-standard","has-post-thumbnail","hentry","category-general"],"_links":{"self":[{"href":"https:\/\/vallespir.cat\/index.php?rest_route=\/wp\/v2\/posts\/262","targetHints":{"allow":["GET"]}}],"collection":[{"href":"https:\/\/vallespir.cat\/index.php?rest_route=\/wp\/v2\/posts"}],"about":[{"href":"https:\/\/vallespir.cat\/index.php?rest_route=\/wp\/v2\/types\/post"}],"author":[{"embeddable":true,"href":"https:\/\/vallespir.cat\/index.php?rest_route=\/wp\/v2\/users\/1"}],"replies":[{"embeddable":true,"href":"https:\/\/vallespir.cat\/index.php?rest_route=%2Fwp%2Fv2%2Fcomments&post=262"}],"version-history":[{"count":2,"href":"https:\/\/vallespir.cat\/index.php?rest_route=\/wp\/v2\/posts\/262\/revisions"}],"predecessor-version":[{"id":266,"href":"https:\/\/vallespir.cat\/index.php?rest_route=\/wp\/v2\/posts\/262\/revisions\/266"}],"wp:featuredmedia":[{"embeddable":true,"href":"https:\/\/vallespir.cat\/index.php?rest_route=\/wp\/v2\/media\/263"}],"wp:attachment":[{"href":"https:\/\/vallespir.cat\/index.php?rest_route=%2Fwp%2Fv2%2Fmedia&parent=262"}],"wp:term":[{"taxonomy":"category","embeddable":true,"href":"https:\/\/vallespir.cat\/index.php?rest_route=%2Fwp%2Fv2%2Fcategories&post=262"},{"taxonomy":"post_tag","embeddable":true,"href":"https:\/\/vallespir.cat\/index.php?rest_route=%2Fwp%2Fv2%2Ftags&post=262"}],"curies":[{"name":"wp","href":"https:\/\/api.w.org\/{rel}","templated":true}]}}