{"id":268,"date":"2014-03-31T11:54:19","date_gmt":"2014-03-31T09:54:19","guid":{"rendered":"http:\/\/www.vallespir.cat\/?p=268"},"modified":"2014-03-31T11:54:19","modified_gmt":"2014-03-31T09:54:19","slug":"presentacio-de-la-revista-vallespir-a-la-llibreria-text-de-figueres","status":"publish","type":"post","link":"https:\/\/vallespir.cat\/?p=268","title":{"rendered":"Presentaci\u00f3 de la revista Vallespir a la llibreria TEXT de Figueres"},"content":{"rendered":"<p>El passat dissabte 22 de mar\u00e7 hem presentat el n\u00fam. 10 de la revista liter\u00e0ria Vallespir a la llibreria Text de Figueres (c\/Muralla ctda Perelada)<\/p>\n<p>El senyor Art\u00fas Villatoro ser\u00e0 el nou representant de la revista a Figueres d&#8217;en\u00e7\u00e0 que la llibreria Mallart va plegar. Esperem que tingui m\u00e9s \u00e8xit.<\/p>\n<p>la revista tamb\u00e9 es difon a Ma\u00e7anet de Cabrenys, a Olot, Camprodon i Girona.<\/p>\n<p>Esperem que el n\u00fam. 10 de Vallespir tingui una bona acollida i comptem sobre tots els nostres amics de l&#8217;Alt Empord\u00e0, de la Garrotxa i del Ripoll\u00e8s per tal de fer-la con\u00e8ixer. Insistim en el fet que \u00e9s actualment la \u00fanica revista literr\u00e0ria escrita en catal\u00e0 a la Catalunya del nord.<\/p>\n<p>Gr\u00e0cies a totes i tots.<\/p>\n","protected":false},"excerpt":{"rendered":"<p>El passat dissabte 22 de mar\u00e7 hem presentat el n\u00fam. 10 de la revista liter\u00e0ria Vallespir a la llibreria Text de Figueres (c\/Muralla ctda Perelada) El senyor Art\u00fas Villatoro ser\u00e0 el nou representant de la revista a Figueres d&#8217;en\u00e7\u00e0 que la llibreria Mallart va plegar. Esperem que tingui m\u00e9s \u00e8xit. la revista tamb\u00e9 es difon [&hellip;]<\/p>\n","protected":false},"author":1,"featured_media":269,"comment_status":"open","ping_status":"open","sticky":false,"template":"","format":"standard","meta":{"footnotes":""},"categories":[1],"tags":[],"class_list":["post-268","post","type-post","status-publish","format-standard","has-post-thumbnail","hentry","category-general"],"_links":{"self":[{"href":"https:\/\/vallespir.cat\/index.php?rest_route=\/wp\/v2\/posts\/268","targetHints":{"allow":["GET"]}}],"collection":[{"href":"https:\/\/vallespir.cat\/index.php?rest_route=\/wp\/v2\/posts"}],"about":[{"href":"https:\/\/vallespir.cat\/index.php?rest_route=\/wp\/v2\/types\/post"}],"author":[{"embeddable":true,"href":"https:\/\/vallespir.cat\/index.php?rest_route=\/wp\/v2\/users\/1"}],"replies":[{"embeddable":true,"href":"https:\/\/vallespir.cat\/index.php?rest_route=%2Fwp%2Fv2%2Fcomments&post=268"}],"version-history":[{"count":1,"href":"https:\/\/vallespir.cat\/index.php?rest_route=\/wp\/v2\/posts\/268\/revisions"}],"predecessor-version":[{"id":270,"href":"https:\/\/vallespir.cat\/index.php?rest_route=\/wp\/v2\/posts\/268\/revisions\/270"}],"wp:featuredmedia":[{"embeddable":true,"href":"https:\/\/vallespir.cat\/index.php?rest_route=\/wp\/v2\/media\/269"}],"wp:attachment":[{"href":"https:\/\/vallespir.cat\/index.php?rest_route=%2Fwp%2Fv2%2Fmedia&parent=268"}],"wp:term":[{"taxonomy":"category","embeddable":true,"href":"https:\/\/vallespir.cat\/index.php?rest_route=%2Fwp%2Fv2%2Fcategories&post=268"},{"taxonomy":"post_tag","embeddable":true,"href":"https:\/\/vallespir.cat\/index.php?rest_route=%2Fwp%2Fv2%2Ftags&post=268"}],"curies":[{"name":"wp","href":"https:\/\/api.w.org\/{rel}","templated":true}]}}