{"id":272,"date":"2014-04-10T12:38:25","date_gmt":"2014-04-10T10:38:25","guid":{"rendered":"http:\/\/www.vallespir.cat\/?p=272"},"modified":"2014-04-10T12:38:25","modified_gmt":"2014-04-10T10:38:25","slug":"cicle-de-3-conferencies-sobre-geopolitica-de-les-llengues-de-mon","status":"publish","type":"post","link":"https:\/\/vallespir.cat\/?p=272","title":{"rendered":"Cicle de 3 confer\u00e8ncies sobre geopol\u00edtica de les lleng\u00fces de m\u00f3n."},"content":{"rendered":"<p>L&#8217;Escola de Catal\u00e0 de Ceret ha organitzat un cicle de confer\u00e8ncies del socioling\u00fcista Gentil Puig i Moreno, sobre el tema &#8220;Geopol\u00edtica de les lleng\u00fces del m\u00f3n&#8221; que ha tingut lloc a la sala Renat Botet, al 27 del carrer Sant Ferreol de Ceret, del 28 de mar\u00e7 al 10 d&#8217;abril. Aquest cicle de confer\u00e8ncies ha despertat un gran inter\u00e8s entre els assistents, per tal com tothom parla i t\u00e9, en principi, una certa representaci\u00f3 de la seva llengua i fins i tot de les altres. Els casos del Kurdistan, d&#8217;Ucra\u00efna, d&#8217;Occit\u00e0nia i de Catalunya han estat presentats i debatuts.<\/p>\n","protected":false},"excerpt":{"rendered":"<p>L&#8217;Escola de Catal\u00e0 de Ceret ha organitzat un cicle de confer\u00e8ncies del socioling\u00fcista Gentil Puig i Moreno, sobre el tema &#8220;Geopol\u00edtica de les lleng\u00fces del m\u00f3n&#8221; que ha tingut lloc a la sala Renat Botet, al 27 del carrer Sant Ferreol de Ceret, del 28 de mar\u00e7 al 10 d&#8217;abril. Aquest cicle de confer\u00e8ncies ha [&hellip;]<\/p>\n","protected":false},"author":1,"featured_media":273,"comment_status":"open","ping_status":"open","sticky":false,"template":"","format":"standard","meta":{"footnotes":""},"categories":[1],"tags":[],"class_list":["post-272","post","type-post","status-publish","format-standard","has-post-thumbnail","hentry","category-general"],"_links":{"self":[{"href":"https:\/\/vallespir.cat\/index.php?rest_route=\/wp\/v2\/posts\/272","targetHints":{"allow":["GET"]}}],"collection":[{"href":"https:\/\/vallespir.cat\/index.php?rest_route=\/wp\/v2\/posts"}],"about":[{"href":"https:\/\/vallespir.cat\/index.php?rest_route=\/wp\/v2\/types\/post"}],"author":[{"embeddable":true,"href":"https:\/\/vallespir.cat\/index.php?rest_route=\/wp\/v2\/users\/1"}],"replies":[{"embeddable":true,"href":"https:\/\/vallespir.cat\/index.php?rest_route=%2Fwp%2Fv2%2Fcomments&post=272"}],"version-history":[{"count":1,"href":"https:\/\/vallespir.cat\/index.php?rest_route=\/wp\/v2\/posts\/272\/revisions"}],"predecessor-version":[{"id":274,"href":"https:\/\/vallespir.cat\/index.php?rest_route=\/wp\/v2\/posts\/272\/revisions\/274"}],"wp:featuredmedia":[{"embeddable":true,"href":"https:\/\/vallespir.cat\/index.php?rest_route=\/wp\/v2\/media\/273"}],"wp:attachment":[{"href":"https:\/\/vallespir.cat\/index.php?rest_route=%2Fwp%2Fv2%2Fmedia&parent=272"}],"wp:term":[{"taxonomy":"category","embeddable":true,"href":"https:\/\/vallespir.cat\/index.php?rest_route=%2Fwp%2Fv2%2Fcategories&post=272"},{"taxonomy":"post_tag","embeddable":true,"href":"https:\/\/vallespir.cat\/index.php?rest_route=%2Fwp%2Fv2%2Ftags&post=272"}],"curies":[{"name":"wp","href":"https:\/\/api.w.org\/{rel}","templated":true}]}}