{"id":279,"date":"2014-06-13T15:22:33","date_gmt":"2014-06-13T13:22:33","guid":{"rendered":"http:\/\/www.vallespir.cat\/?p=279"},"modified":"2014-06-13T15:22:33","modified_gmt":"2014-06-13T13:22:33","slug":"els-amics-del-vallespir-de-la-garriga-valles-oriental","status":"publish","type":"post","link":"https:\/\/vallespir.cat\/?p=279","title":{"rendered":"Els amics del Vallespir de la Garriga (Vall\u00e8s Oriental)"},"content":{"rendered":"<p>El passat dissabte 31 de maig el CCCV va rebre unes 50 persones que venien des de La Garriga, a la Festa de la Cirera de Ceret, i per a descobrir el Vallespir.<\/p>\n<p>La visita era organitzada per la Fundaci\u00f3 Mart\u00ed l\u2019Hum\u00e0 de La Garriga (ciutat d\u2019uns 15 mil habitants). Els visitants van rebre un fascicle especialment preparat per la descoberta de Ceret.<\/p>\n<p>Despr\u00e9s d\u2019una breu visita per centre de la vila que va comen\u00e7ar a les 11h a la pla\u00e7a dels 9 raigs, i amb comentaris hist\u00f2rics de Gentil Puig, van ser acollits a les 12h a la sala Renat Botet del carrer de Sant Ferreol per Miquel Arnaudies, president del CCCV.<\/p>\n<p>El president els va parlar de l\u2019acci\u00f3 de la Coordinadora d\u2019Entitats Culturals Nord-catalanes i de la Festa de les Associacions Culturals Catalanes del Vallespir de l\u2019octubre vinent. Per la seva part, en Gentil Puig els va comentar la situaci\u00f3 de la llengua al Vallespir i a Catalunya del nord i les 3 modalitats del seu ensenyament escolar (iniciaci\u00f3, fileres biling\u00fces i Bressola).<\/p>\n<p>Els garriguencs van estar molt interessats, especialment per la revista Vallespir n\u00fam. 10 que van comprar, van fer nombroses preguntes i va haver-hi un debat molt animat.<\/p>\n<p>Al migdia vam anar tots junts al jard\u00ed del restaurant Al Catal\u00e0 de Ceret (fotos) on un men\u00fa especial de la cirera els esperava, i que va ser molt apreciat. El \u201csol dels pintors\u201d de Ceret i un canigonenc de primavera eren tamb\u00e9 de la festa.<\/p>\n<p>La visita de les parades de La Festa de la cirera de Ceret va continuar a la tarda, amb la visita del Museu d\u2019Art Moden de Ceret per alguns membres del grup, i va finalitzar a les 18h30, hora a la qual van pujar a l\u2019autobus de retorn. Una jornada ben aprofitada i reeixida.<\/p>\n<p><a href=\"http:\/\/www.vallespir.cat\/wp-content\/uploads\/2014\/06\/foto1.jpg\"><img loading=\"lazy\" decoding=\"async\" class=\"aligncenter size-full wp-image-282\" title=\"foto1\" src=\"http:\/\/www.vallespir.cat\/wp-content\/uploads\/2014\/06\/foto1.jpg\" alt=\"\" width=\"599\" height=\"339\" srcset=\"https:\/\/vallespir.cat\/wp-content\/uploads\/2014\/06\/foto1.jpg 599w, https:\/\/vallespir.cat\/wp-content\/uploads\/2014\/06\/foto1-300x169.jpg 300w\" sizes=\"auto, (max-width: 599px) 100vw, 599px\" \/><\/a><\/p>\n<p><a href=\"http:\/\/www.vallespir.cat\/wp-content\/uploads\/2014\/06\/foto2.jpg\"><img loading=\"lazy\" decoding=\"async\" class=\"aligncenter size-full wp-image-280\" title=\"foto2\" src=\"http:\/\/www.vallespir.cat\/wp-content\/uploads\/2014\/06\/foto2.jpg\" alt=\"\" width=\"604\" height=\"342\" srcset=\"https:\/\/vallespir.cat\/wp-content\/uploads\/2014\/06\/foto2.jpg 604w, https:\/\/vallespir.cat\/wp-content\/uploads\/2014\/06\/foto2-300x169.jpg 300w\" sizes=\"auto, (max-width: 604px) 100vw, 604px\" \/><\/a><\/p>\n<p>&nbsp;<\/p>\n","protected":false},"excerpt":{"rendered":"<p>El passat dissabte 31 de maig el CCCV va rebre unes 50 persones que venien des de La Garriga, a la Festa de la Cirera de Ceret, i per a descobrir el Vallespir. La visita era organitzada per la Fundaci\u00f3 Mart\u00ed l\u2019Hum\u00e0 de La Garriga (ciutat d\u2019uns 15 mil habitants). Els visitants van rebre un [&hellip;]<\/p>\n","protected":false},"author":1,"featured_media":281,"comment_status":"open","ping_status":"open","sticky":false,"template":"","format":"standard","meta":{"footnotes":""},"categories":[1],"tags":[],"class_list":["post-279","post","type-post","status-publish","format-standard","has-post-thumbnail","hentry","category-general"],"_links":{"self":[{"href":"https:\/\/vallespir.cat\/index.php?rest_route=\/wp\/v2\/posts\/279","targetHints":{"allow":["GET"]}}],"collection":[{"href":"https:\/\/vallespir.cat\/index.php?rest_route=\/wp\/v2\/posts"}],"about":[{"href":"https:\/\/vallespir.cat\/index.php?rest_route=\/wp\/v2\/types\/post"}],"author":[{"embeddable":true,"href":"https:\/\/vallespir.cat\/index.php?rest_route=\/wp\/v2\/users\/1"}],"replies":[{"embeddable":true,"href":"https:\/\/vallespir.cat\/index.php?rest_route=%2Fwp%2Fv2%2Fcomments&post=279"}],"version-history":[{"count":1,"href":"https:\/\/vallespir.cat\/index.php?rest_route=\/wp\/v2\/posts\/279\/revisions"}],"predecessor-version":[{"id":283,"href":"https:\/\/vallespir.cat\/index.php?rest_route=\/wp\/v2\/posts\/279\/revisions\/283"}],"wp:featuredmedia":[{"embeddable":true,"href":"https:\/\/vallespir.cat\/index.php?rest_route=\/wp\/v2\/media\/281"}],"wp:attachment":[{"href":"https:\/\/vallespir.cat\/index.php?rest_route=%2Fwp%2Fv2%2Fmedia&parent=279"}],"wp:term":[{"taxonomy":"category","embeddable":true,"href":"https:\/\/vallespir.cat\/index.php?rest_route=%2Fwp%2Fv2%2Fcategories&post=279"},{"taxonomy":"post_tag","embeddable":true,"href":"https:\/\/vallespir.cat\/index.php?rest_route=%2Fwp%2Fv2%2Ftags&post=279"}],"curies":[{"name":"wp","href":"https:\/\/api.w.org\/{rel}","templated":true}]}}