{"id":286,"date":"2014-08-21T13:31:24","date_gmt":"2014-08-21T11:31:24","guid":{"rendered":"http:\/\/www.vallespir.cat\/?p=286"},"modified":"2014-08-21T13:32:14","modified_gmt":"2014-08-21T11:32:14","slug":"video-sobre-lexili-republica-de-linstitut-jean-vigo","status":"publish","type":"post","link":"https:\/\/vallespir.cat\/?p=286","title":{"rendered":"V\u00eddeo sobre l&#8217;exili republic\u00e0 de l&#8217;Institut Jean Vigo"},"content":{"rendered":"<p>\u00c9s un document de l&#8217;Institut cinematogr\u00e0fic Jean Vigo de Perpiny\u00e0, que mai s&#8217;ha dif\u00f3s a la televisi\u00f3 ni internet. \u00c9s un document amateur que mostra l&#8217;arribada dels republicans de la frontera als camps de concentraci\u00f3. S\u00f3n doncs unes imatges rars i \u00faniques, proposades en la seva versi\u00f3 integral.<br \/>\nAgra\u00efm el diari L&#8217;Ind\u00e9pendant, l&#8217;Institut Jean Vigo, les edicions Trabucaire i Virgile Goller.<\/p>\n<p><a href=\"http:\/\/www.lindependant.fr\/2013\/02\/22\/fevrier-1939-le-film-de-l-exode-d-un-peuple,1730042.php\">V\u00eddeo sobre l&#8217;exili republic\u00e0 de l&#8217;Institut Jean Vigo<\/a><\/p>\n","protected":false},"excerpt":{"rendered":"<p>\u00c9s un document de l&#8217;Institut cinematogr\u00e0fic Jean Vigo de Perpiny\u00e0, que mai s&#8217;ha dif\u00f3s a la televisi\u00f3 ni internet. \u00c9s un document amateur que mostra l&#8217;arribada dels republicans de la frontera als camps de concentraci\u00f3. S\u00f3n doncs unes imatges rars i \u00faniques, proposades en la seva versi\u00f3 integral. Agra\u00efm el diari L&#8217;Ind\u00e9pendant, l&#8217;Institut Jean Vigo, [&hellip;]<\/p>\n","protected":false},"author":1,"featured_media":288,"comment_status":"open","ping_status":"open","sticky":false,"template":"","format":"standard","meta":{"footnotes":""},"categories":[1],"tags":[],"class_list":["post-286","post","type-post","status-publish","format-standard","has-post-thumbnail","hentry","category-general"],"_links":{"self":[{"href":"https:\/\/vallespir.cat\/index.php?rest_route=\/wp\/v2\/posts\/286","targetHints":{"allow":["GET"]}}],"collection":[{"href":"https:\/\/vallespir.cat\/index.php?rest_route=\/wp\/v2\/posts"}],"about":[{"href":"https:\/\/vallespir.cat\/index.php?rest_route=\/wp\/v2\/types\/post"}],"author":[{"embeddable":true,"href":"https:\/\/vallespir.cat\/index.php?rest_route=\/wp\/v2\/users\/1"}],"replies":[{"embeddable":true,"href":"https:\/\/vallespir.cat\/index.php?rest_route=%2Fwp%2Fv2%2Fcomments&post=286"}],"version-history":[{"count":2,"href":"https:\/\/vallespir.cat\/index.php?rest_route=\/wp\/v2\/posts\/286\/revisions"}],"predecessor-version":[{"id":289,"href":"https:\/\/vallespir.cat\/index.php?rest_route=\/wp\/v2\/posts\/286\/revisions\/289"}],"wp:featuredmedia":[{"embeddable":true,"href":"https:\/\/vallespir.cat\/index.php?rest_route=\/wp\/v2\/media\/288"}],"wp:attachment":[{"href":"https:\/\/vallespir.cat\/index.php?rest_route=%2Fwp%2Fv2%2Fmedia&parent=286"}],"wp:term":[{"taxonomy":"category","embeddable":true,"href":"https:\/\/vallespir.cat\/index.php?rest_route=%2Fwp%2Fv2%2Fcategories&post=286"},{"taxonomy":"post_tag","embeddable":true,"href":"https:\/\/vallespir.cat\/index.php?rest_route=%2Fwp%2Fv2%2Ftags&post=286"}],"curies":[{"name":"wp","href":"https:\/\/api.w.org\/{rel}","templated":true}]}}