{"id":307,"date":"2015-01-09T13:53:56","date_gmt":"2015-01-09T12:53:56","guid":{"rendered":"http:\/\/www.vallespir.cat\/?p=307"},"modified":"2015-01-09T13:54:32","modified_gmt":"2015-01-09T12:54:32","slug":"canco-damor-i-de-guerra","status":"publish","type":"post","link":"https:\/\/vallespir.cat\/?p=307","title":{"rendered":"Can\u00e7\u00f3 d\u2019amor i de guerra"},"content":{"rendered":"<p>Presentem de nou l\u2019obra l\u00edrica catalana en dos actes CAN\u00c7\u00d3 D\u2019AMOR I DE GUERRA. El llibret original \u00e9s de Llu\u00eds Capdevila i la partici\u00f3 m\u00fasical \u00e9s del compositor Rafael Mart\u00ednez Valls. L\u2019acci\u00f3 s\u2019esdev\u00e9 en una farga del Vallespir, que a l\u2019obra no \u00e9s situada amb precisi\u00f3 per\u00f2 que podria haver existit entre Arles de Tec i La Farga del Mig. Era l\u2019any 1793, en plena Revoluci\u00f3 Francesa. El rei Llu\u00eds XVI acaba de ser guillotinat, el 21 de gener, pocs mesos despr\u00e9s de les batalles de Valmy i Jemmapes guanyades pels soldats revolucionaris al nordest de Fran\u00e7a contra les tropes de les monarquies contra-revolucion\u00e0ries. Al Rossell\u00f3 tamb\u00e9, tenien lloc les batalles de Peirestortes guanyada pel diputat de la Convenci\u00f3 Josep Cassanyes, i la del Vol\u00f3 que els generals Dugommier i Augereau guanyaran contra el general espanyol de Carles IV, Ricardos. La gent del poble era dividida i li costava decantar-se d\u2019un costat o de l\u2019altre.<\/p>\n<p>La sarsuela \u201cCan\u00e7\u00f3 d\u2019amor i de guerra\u201d creada a Barcelona l\u2019any 1926 en plena dictadura Primo de Ribera, es titul\u00e0 inicialment \u201cEls soldats de l\u2019ideal\u201d, per\u00f2 la situaci\u00f3 pol\u00edtica catalana feu que l\u2019obra es prohib\u00eds abans de l\u2019estrena. El nom -l\u2019ideal era el de la revoluci\u00f3 republicana francesa- no va agradar gens al governador civil, el general Milans del Bosch. L\u2019obra d\u2019inspiraci\u00f3 profundament republicana va contribuir a l\u2019adveniment de la Segona Rep\u00fablica cinc anys despr\u00e9s, el 14 d\u2019abril de 1931. En una reuni\u00f3 presidida per l\u2019autoritat, els autors decidiren canviar el nom per l\u2019actual. L\u2019obra -en el context del conflicte relata la hist\u00f2ria d\u2019amor entre dos joves, l\u2019Eloi i la Francina, que veuen com els seus destins se separen a causa de l\u2019infortuni. Les contrarietats de l\u2019amor, els conflictes d\u2019influ\u00e8ncies i les difer\u00e8ncies socials sobresurten en una Fran\u00e7a abocada a la revoluci\u00f3 i a la guerra. Nogensmenys a l\u2019obra, l\u2019alegria es combina amb la m\u00e9s intensa emoci\u00f3 -compr\u00e8n can\u00e7ons molt conegudes de la gent del Vallespir.<\/p>\n<p><a href=\"http:\/\/www.vallespir.cat\/anterior\/PPS\/en1_2015.pps\">Can\u00e7\u00f3 d\u2019amor i de guerra<\/a><\/p>\n","protected":false},"excerpt":{"rendered":"<p>Presentem de nou l\u2019obra l\u00edrica catalana en dos actes CAN\u00c7\u00d3 D\u2019AMOR I DE GUERRA. El llibret original \u00e9s de Llu\u00eds Capdevila i la partici\u00f3 m\u00fasical \u00e9s del compositor Rafael Mart\u00ednez Valls. L\u2019acci\u00f3 s\u2019esdev\u00e9 en una farga del Vallespir, que a l\u2019obra no \u00e9s situada amb precisi\u00f3 per\u00f2 que podria haver existit entre Arles de Tec [&hellip;]<\/p>\n","protected":false},"author":1,"featured_media":308,"comment_status":"open","ping_status":"open","sticky":false,"template":"","format":"standard","meta":{"footnotes":""},"categories":[1],"tags":[],"class_list":["post-307","post","type-post","status-publish","format-standard","has-post-thumbnail","hentry","category-general"],"_links":{"self":[{"href":"https:\/\/vallespir.cat\/index.php?rest_route=\/wp\/v2\/posts\/307","targetHints":{"allow":["GET"]}}],"collection":[{"href":"https:\/\/vallespir.cat\/index.php?rest_route=\/wp\/v2\/posts"}],"about":[{"href":"https:\/\/vallespir.cat\/index.php?rest_route=\/wp\/v2\/types\/post"}],"author":[{"embeddable":true,"href":"https:\/\/vallespir.cat\/index.php?rest_route=\/wp\/v2\/users\/1"}],"replies":[{"embeddable":true,"href":"https:\/\/vallespir.cat\/index.php?rest_route=%2Fwp%2Fv2%2Fcomments&post=307"}],"version-history":[{"count":2,"href":"https:\/\/vallespir.cat\/index.php?rest_route=\/wp\/v2\/posts\/307\/revisions"}],"predecessor-version":[{"id":310,"href":"https:\/\/vallespir.cat\/index.php?rest_route=\/wp\/v2\/posts\/307\/revisions\/310"}],"wp:featuredmedia":[{"embeddable":true,"href":"https:\/\/vallespir.cat\/index.php?rest_route=\/wp\/v2\/media\/308"}],"wp:attachment":[{"href":"https:\/\/vallespir.cat\/index.php?rest_route=%2Fwp%2Fv2%2Fmedia&parent=307"}],"wp:term":[{"taxonomy":"category","embeddable":true,"href":"https:\/\/vallespir.cat\/index.php?rest_route=%2Fwp%2Fv2%2Fcategories&post=307"},{"taxonomy":"post_tag","embeddable":true,"href":"https:\/\/vallespir.cat\/index.php?rest_route=%2Fwp%2Fv2%2Ftags&post=307"}],"curies":[{"name":"wp","href":"https:\/\/api.w.org\/{rel}","templated":true}]}}