{"id":316,"date":"2015-03-28T12:36:47","date_gmt":"2015-03-28T11:36:47","guid":{"rendered":"http:\/\/www.vallespir.cat\/?p=316"},"modified":"2015-03-28T12:36:47","modified_gmt":"2015-03-28T11:36:47","slug":"primavera-2015-al-volo","status":"publish","type":"post","link":"https:\/\/vallespir.cat\/?p=316","title":{"rendered":"Primavera 2015 al Vol\u00f3"},"content":{"rendered":"<p>L&#8217;Escola de catal\u00e0 del Vol\u00f3 organitza el dissabte 21 de mar\u00e7 la festa de la Primavera 2015, al local dels ECHARDS del Vol\u00f3. Participar\u00e0 al programa el cantant Ramon Gual.<\/p>\n<p>Despr\u00e9s de l\u2019\u00e0pat del migdia hi haur\u00e0 una ballada de sardanes acompanyada per la cobla Nova Germanor de Perpiny\u00e0. Podeu reservar a l\u2019Oficina de Turisme del Vol\u00f3.<\/p>\n","protected":false},"excerpt":{"rendered":"<p>L&#8217;Escola de catal\u00e0 del Vol\u00f3 organitza el dissabte 21 de mar\u00e7 la festa de la Primavera 2015, al local dels ECHARDS del Vol\u00f3. Participar\u00e0 al programa el cantant Ramon Gual. Despr\u00e9s de l\u2019\u00e0pat del migdia hi haur\u00e0 una ballada de sardanes acompanyada per la cobla Nova Germanor de Perpiny\u00e0. Podeu reservar a l\u2019Oficina de Turisme [&hellip;]<\/p>\n","protected":false},"author":1,"featured_media":317,"comment_status":"open","ping_status":"open","sticky":false,"template":"","format":"standard","meta":{"footnotes":""},"categories":[1],"tags":[],"class_list":["post-316","post","type-post","status-publish","format-standard","has-post-thumbnail","hentry","category-general"],"_links":{"self":[{"href":"https:\/\/vallespir.cat\/index.php?rest_route=\/wp\/v2\/posts\/316","targetHints":{"allow":["GET"]}}],"collection":[{"href":"https:\/\/vallespir.cat\/index.php?rest_route=\/wp\/v2\/posts"}],"about":[{"href":"https:\/\/vallespir.cat\/index.php?rest_route=\/wp\/v2\/types\/post"}],"author":[{"embeddable":true,"href":"https:\/\/vallespir.cat\/index.php?rest_route=\/wp\/v2\/users\/1"}],"replies":[{"embeddable":true,"href":"https:\/\/vallespir.cat\/index.php?rest_route=%2Fwp%2Fv2%2Fcomments&post=316"}],"version-history":[{"count":1,"href":"https:\/\/vallespir.cat\/index.php?rest_route=\/wp\/v2\/posts\/316\/revisions"}],"predecessor-version":[{"id":318,"href":"https:\/\/vallespir.cat\/index.php?rest_route=\/wp\/v2\/posts\/316\/revisions\/318"}],"wp:featuredmedia":[{"embeddable":true,"href":"https:\/\/vallespir.cat\/index.php?rest_route=\/wp\/v2\/media\/317"}],"wp:attachment":[{"href":"https:\/\/vallespir.cat\/index.php?rest_route=%2Fwp%2Fv2%2Fmedia&parent=316"}],"wp:term":[{"taxonomy":"category","embeddable":true,"href":"https:\/\/vallespir.cat\/index.php?rest_route=%2Fwp%2Fv2%2Fcategories&post=316"},{"taxonomy":"post_tag","embeddable":true,"href":"https:\/\/vallespir.cat\/index.php?rest_route=%2Fwp%2Fv2%2Ftags&post=316"}],"curies":[{"name":"wp","href":"https:\/\/api.w.org\/{rel}","templated":true}]}}