{"id":329,"date":"2015-06-18T12:50:26","date_gmt":"2015-06-18T10:50:26","guid":{"rendered":"http:\/\/www.vallespir.cat\/?p=329"},"modified":"2015-06-18T12:50:26","modified_gmt":"2015-06-18T10:50:26","slug":"20-ans-de-mare-nostrun-musicae","status":"publish","type":"post","link":"https:\/\/vallespir.cat\/?p=329","title":{"rendered":"20 ans de Mare Nostrun Musicae"},"content":{"rendered":"<p align=\"center\"><strong>AGENDA DE JUIN ET JUILLET<\/strong><\/p>\n<p align=\"center\">\u00a0<strong>Vendredi 5 juin a 20h30, \u00c9glise 51\u2022 Marie Le Boulou<\/strong><strong>.<\/strong><\/p>\n<p align=\"center\"><strong>STABAT MATER d&#8217;Antonin DVORAK<\/strong><\/p>\n<p align=\"center\">par le CHOEUR SERENATA dirig\u00e9 par Lionel Berbain.<\/p>\n<p align=\"center\">Soprano: G. Vacher. Alto: A. Emery. T\u00e9nor: V. Vidalou.<\/p>\n<p align=\"center\">Basse : F. Guisset. Avec a u piano : St\u00e9phanie Fontanarosa.<\/p>\n<p align=\"center\"><strong>En premiere partie,<\/strong><\/p>\n<p align=\"center\">F. Ragot, violoncelle et S. Fontanarosa, interpretent le Nocturne, Op 19 No 4,<\/p>\n<p align=\"center\">de P. l. Tchaikovsky et le Chant du M\u00e9nestrel, Op. 71, d&#8217;A. Glazunov.<\/p>\n<p align=\"center\">Entr\u00e9e 15\u20ac: vente sur place 30&#8242; avant l&#8217;heure.<\/p>\n<p align=\"center\"><strong>Mardi 7 juillet 21h, Vernet les Bains<\/strong><\/p>\n<p align=\"center\"><strong>\u00c9glise anglicane,<\/strong><\/p>\n<p align=\"center\">L&#8217;ensemble Mare Nostrum Musicae &#8220;Cuerdas en el Aire&#8221; (Fran\u00e7ois. Ragot au violoncelle et Ambre Vuillermoz a l&#8217;accord\u00e9on) interpr\u00e9tera des airs d&#8217;Albeniz, Saint-Saens, Finzi, De Falla &#8230;<\/p>\n<p align=\"center\">\u00a0Tarif: 6\u20ac, tarif r\u00e9duit : 5\u20ac, gratuit moins de 12 ans.<\/p>\n<p align=\"center\">\u00a0<strong>Dimanche 26 juillet a 18H,<\/strong><\/p>\n<p align=\"center\"><strong>Prieur\u00e9 de Serrabona.<\/strong><\/p>\n<p align=\"center\">Festival &#8220;\u00c9t\u00e9 66&#8221; du Conseil D\u00e9partemental 66.<\/p>\n<p align=\"center\"><strong>Trio de Basses &#8220;Mare Nostrum Musicae&#8221;.<\/strong><\/p>\n<p align=\"center\">Divna Delmas, Fran\u00e7ois Ragot et Claude Delmas feront r\u00e9sonner les voutes ancestrales du prieur\u00e9 de Serrabona avec Scarlati, Haydn, Beethoven, Albeniz, Tchaikovsky. Un concert a ne pas rater dans un lieu et un environnement magiques a d\u00e9couvrir ou a red\u00e9couvrir.<\/p>\n<p align=\"center\">Entr\u00e9e gratuite.<\/p>\n<p align=\"center\"><strong>&#8220;Concert d&#8217;\u00e9t\u00e9&#8221;<\/strong><\/p>\n<p align=\"center\"><strong>Direction artistique: Marie Suspuglas Andr\u00e9a<\/strong><\/p>\n<p align=\"center\"><strong>16eme festival de musique et de po\u00e9sie.<\/strong><\/p>\n<p align=\"center\"><strong>&#8220;Les folies d&#8217;Espagne &#8220;27 et 28 juin, 3, 4, 11 &amp; 12 juillet<\/strong><\/p>\n<p align=\"center\"><strong>\u00a0<\/strong><strong>Dimanche 28 juin a 17H,<\/strong><\/p>\n<p align=\"center\"><strong>\u00c9glise de Pala u del Vidre<\/strong><\/p>\n<p align=\"center\"><strong><\/strong><strong>Quintette &#8220;Mare Nostrum Musicae&#8221;<\/strong><\/p>\n<p align=\"center\">avec Gabriel Bianco et Gabrielle Rubio, guitares.<\/p>\n<p align=\"center\">Oeuvres de L. Boccherini, J. Haydn, F. de Fossa.<\/p>\n<p align=\"center\">\u00a0<strong>Samedi 4 juillet a 21h, \u00e9glise de Palau del Vidre<\/strong><\/p>\n<p align=\"center\">Le choeur Madrigalis (direction Maryse Tatangelo) invite<\/p>\n<p align=\"center\">Le Quintette &#8220;Mare Nostrum Musicae&#8221;<\/p>\n<p align=\"center\">pour interpr\u00e9ter &#8220;La Cr\u00e9ation&#8221; de J. HAYDN.<\/p>\n<p><strong>\u00c9blouissante SILVIA P\u00c9REZ CRUZ le 10 mai a\u00a0<\/strong><strong>l&#8217;auditorium Montsalvage de G\u00e9rone avec le GIOrquestra.<\/strong><\/p>\n<p>Concert exceptionnel avec un programme con\u00e7u tout sp\u00e9cialement pour cet \u00e9v\u00e9nement unique cette ann\u00e9e en Catalogne: la venue de la chanteuse Sylvia Perez Cruz, soutenue par la Giorquestra en grande formation symphonique. Au programme, six chansons espagnoles anciennes, recueillies et harmonis\u00e9es par Federico Garcia Lorca, des chansons traditionnelles comme contemporaines -ainsi les Tonades de Feliu Gasull (suite sur des chansons paysannes catalanes) -, les Chansons noires de Xavier Montsalvatge, la Nana dans un arrangement orchestral de Marcel Sabat\u00e9 &#8230;<\/p>\n<p>Les musiciens de Mare Nostrum Musicae, en nombre au sein de cette formation ; nous ont dit tout le plaisir qu&#8217;ils avaient eu de travailler, en r\u00e9p\u00e9titions comme en concert, avec une personne aussi charmante et talentueuse. Et c&#8217;est vrai que Sylvia Perez Cruz RAYONNE ! Au-dela de sa magnifique robe rouge, de sa longue chevelure d&#8217;\u00e9bene, de son sourire \u00e9blouissant, c&#8217;est une forme d&#8217;ange musicien qui occupe la sc\u00e9ne. Sa voix s&#8217;\u00e9l\u00e9ve, transforman! chaque texte, chaque partition, en une port\u00e9e de l&#8217;ame, et du coeur, pleine d&#8217;\u00e9motion, de retenue et d&#8217;abandon a la fois. La formation plurielle de la cantatrice, solides \u00e9tudes classiques, puis jazz, flamenco, et j&#8217;en oublie, a fa\u00e7onn\u00e9 son talent ; sa voix sait se faire chatoyante ou rauque, filet de douceur ou puissance torrentielle, \u00e9clatant aussi bien aupres des couleurs du somptueux orchestre de la GIO, que dans l&#8217;intimit\u00e9 d&#8217;un accompagnement a la seule guitare du compositeur Feliu Gasull. Les critiques espagnols parlent d&#8217;un concert absolument exceptionnel, de \u00ab pure magie \u00bb op\u00e9rant sur scene (Xavier Castillon), d&#8217;un \u00ab baume pour les ames qui ont besoin de beaut\u00e9 \u00bb (Xavier Paset). \u00ab LA \u00bb PEREZ CRUZ, acceptant avec simplicit\u00e9 dans l&#8217;un des \u201crappels\u201d la demande subite d&#8217;une spectatrice des lointains balcons, a offert une interpr\u00e9tation improvis\u00e9e et grandiose de la havanera \u201cVestida de nit \u201c compos\u00e9e par ses parents -son pere r\u00e9cemment d\u00e9c\u00e9d\u00e9-. Apres avoir h\u00e9sit\u00e9, jugeant que l&#8217;orchestre ne pourrait l&#8217;accompagner sans partitions, elle s&#8217;est finalement lanc\u00e9e, avec le soutien d&#8217;un contrebassiste, d&#8217;un violoniste, puis du pianiste &#8230; La sensibilit\u00e9 et l&#8217;intelligence de son chant ont mis toute la salle debout, qui, ne la laissant pas terminer seule, lu\u00ed a offert une ovation sensationnelle de plusieurs minutes! Les prochains concerts de Sylvia Perez Cruz : le 28 juin, seule a la guitare, au Central Park de New York, puis le 3 juillet a Madrid. (Nombreux extraits de ses r\u00e9citals sur internet; deux enregistrements chez Harmon\u00eda Mundi)<\/p>\n","protected":false},"excerpt":{"rendered":"<p>AGENDA DE JUIN ET JUILLET \u00a0Vendredi 5 juin a 20h30, \u00c9glise 51\u2022 Marie Le Boulou. STABAT MATER d&#8217;Antonin DVORAK par le CHOEUR SERENATA dirig\u00e9 par Lionel Berbain. Soprano: G. Vacher. Alto: A. Emery. T\u00e9nor: V. Vidalou. Basse : F. Guisset. Avec a u piano : St\u00e9phanie Fontanarosa. En premiere partie, F. Ragot, violoncelle et S. [&hellip;]<\/p>\n","protected":false},"author":1,"featured_media":330,"comment_status":"open","ping_status":"open","sticky":false,"template":"","format":"standard","meta":{"footnotes":""},"categories":[1],"tags":[],"class_list":["post-329","post","type-post","status-publish","format-standard","has-post-thumbnail","hentry","category-general"],"_links":{"self":[{"href":"https:\/\/vallespir.cat\/index.php?rest_route=\/wp\/v2\/posts\/329","targetHints":{"allow":["GET"]}}],"collection":[{"href":"https:\/\/vallespir.cat\/index.php?rest_route=\/wp\/v2\/posts"}],"about":[{"href":"https:\/\/vallespir.cat\/index.php?rest_route=\/wp\/v2\/types\/post"}],"author":[{"embeddable":true,"href":"https:\/\/vallespir.cat\/index.php?rest_route=\/wp\/v2\/users\/1"}],"replies":[{"embeddable":true,"href":"https:\/\/vallespir.cat\/index.php?rest_route=%2Fwp%2Fv2%2Fcomments&post=329"}],"version-history":[{"count":1,"href":"https:\/\/vallespir.cat\/index.php?rest_route=\/wp\/v2\/posts\/329\/revisions"}],"predecessor-version":[{"id":331,"href":"https:\/\/vallespir.cat\/index.php?rest_route=\/wp\/v2\/posts\/329\/revisions\/331"}],"wp:featuredmedia":[{"embeddable":true,"href":"https:\/\/vallespir.cat\/index.php?rest_route=\/wp\/v2\/media\/330"}],"wp:attachment":[{"href":"https:\/\/vallespir.cat\/index.php?rest_route=%2Fwp%2Fv2%2Fmedia&parent=329"}],"wp:term":[{"taxonomy":"category","embeddable":true,"href":"https:\/\/vallespir.cat\/index.php?rest_route=%2Fwp%2Fv2%2Fcategories&post=329"},{"taxonomy":"post_tag","embeddable":true,"href":"https:\/\/vallespir.cat\/index.php?rest_route=%2Fwp%2Fv2%2Ftags&post=329"}],"curies":[{"name":"wp","href":"https:\/\/api.w.org\/{rel}","templated":true}]}}