{"id":332,"date":"2015-07-14T18:01:33","date_gmt":"2015-07-14T16:01:33","guid":{"rendered":"http:\/\/www.vallespir.cat\/?p=332"},"modified":"2015-07-14T18:01:33","modified_gmt":"2015-07-14T16:01:33","slug":"llibertat","status":"publish","type":"post","link":"https:\/\/vallespir.cat\/?p=332","title":{"rendered":"LLIBERTAT !"},"content":{"rendered":"<p>L\u2019oficina de turisme de Prats de Moll\u00f3 presenta l\u2019exposici\u00f3 LLIBERTAT amb documents i fotos de propaganda de la guerra civil i de l\u2019exili republic\u00e0. \u00c9s organitzada per Patrick Llu\u00eds i Elena Gual, regidors de l\u2019ajuntament de Prats, sota els auspicis del batlle de Prats.<\/p>\n<div>LLOC: Grup escolar Georges Clerc (pla\u00e7a del Firal) Prats de Moll\u00f3. Inauguraci\u00f3 el 18 de juliol de 2015. Un vermuth ser\u00e0 servit.<\/div>\n","protected":false},"excerpt":{"rendered":"<p>L\u2019oficina de turisme de Prats de Moll\u00f3 presenta l\u2019exposici\u00f3 LLIBERTAT amb documents i fotos de propaganda de la guerra civil i de l\u2019exili republic\u00e0. \u00c9s organitzada per Patrick Llu\u00eds i Elena Gual, regidors de l\u2019ajuntament de Prats, sota els auspicis del batlle de Prats. LLOC: Grup escolar Georges Clerc (pla\u00e7a del Firal) Prats de Moll\u00f3. [&hellip;]<\/p>\n","protected":false},"author":1,"featured_media":333,"comment_status":"open","ping_status":"open","sticky":false,"template":"","format":"standard","meta":{"footnotes":""},"categories":[1],"tags":[],"class_list":["post-332","post","type-post","status-publish","format-standard","has-post-thumbnail","hentry","category-general"],"_links":{"self":[{"href":"https:\/\/vallespir.cat\/index.php?rest_route=\/wp\/v2\/posts\/332","targetHints":{"allow":["GET"]}}],"collection":[{"href":"https:\/\/vallespir.cat\/index.php?rest_route=\/wp\/v2\/posts"}],"about":[{"href":"https:\/\/vallespir.cat\/index.php?rest_route=\/wp\/v2\/types\/post"}],"author":[{"embeddable":true,"href":"https:\/\/vallespir.cat\/index.php?rest_route=\/wp\/v2\/users\/1"}],"replies":[{"embeddable":true,"href":"https:\/\/vallespir.cat\/index.php?rest_route=%2Fwp%2Fv2%2Fcomments&post=332"}],"version-history":[{"count":1,"href":"https:\/\/vallespir.cat\/index.php?rest_route=\/wp\/v2\/posts\/332\/revisions"}],"predecessor-version":[{"id":334,"href":"https:\/\/vallespir.cat\/index.php?rest_route=\/wp\/v2\/posts\/332\/revisions\/334"}],"wp:featuredmedia":[{"embeddable":true,"href":"https:\/\/vallespir.cat\/index.php?rest_route=\/wp\/v2\/media\/333"}],"wp:attachment":[{"href":"https:\/\/vallespir.cat\/index.php?rest_route=%2Fwp%2Fv2%2Fmedia&parent=332"}],"wp:term":[{"taxonomy":"category","embeddable":true,"href":"https:\/\/vallespir.cat\/index.php?rest_route=%2Fwp%2Fv2%2Fcategories&post=332"},{"taxonomy":"post_tag","embeddable":true,"href":"https:\/\/vallespir.cat\/index.php?rest_route=%2Fwp%2Fv2%2Ftags&post=332"}],"curies":[{"name":"wp","href":"https:\/\/api.w.org\/{rel}","templated":true}]}}