{"id":336,"date":"2015-08-03T16:34:54","date_gmt":"2015-08-03T14:34:54","guid":{"rendered":"http:\/\/www.vallespir.cat\/?p=336"},"modified":"2015-08-03T16:34:54","modified_gmt":"2015-08-03T14:34:54","slug":"inauguracio-del-cami-de-les-arts-i-dels-artesans-al-vallespir","status":"publish","type":"post","link":"https:\/\/vallespir.cat\/?p=336","title":{"rendered":"Inauguraci\u00f3 del cam\u00ed de les Arts i dels artesans al Vallespir"},"content":{"rendered":"<p>El cam\u00ed de les arts i dels artesans \u00e9s un itinerari assenyalat amb una pota d\u2019os i tres torres, logo adoptat per la \u201cComunitat de Comunes Sud Canig\u00f3\u201d (Alt Vallespir). Sortint dels Banys o d\u2019Arles a peu, seguireu durant 2 hores el cam\u00ed que us conduir\u00e0 d\u2019un lloc d\u2019Arts a un altre. Dos indrets que reuneixen artistes i artesans : dun costat, l\u2019ecomuseu patrimonial de Palalda als Banys i, de l\u2019altre, el Mol\u00ed de les Arts i de l\u2019Artesanat d\u2019Arles.<br \/>\nAquest cam\u00ed ha estat inaugurat el divendres 17 de juliol per Alexandre Reynal, batlle de Els Banys-Palalda, i per Renat Bantoure, batlle d\u2019Arles, acompanyats per molts artesans i artistes que treballen en els dos llocs.<br \/>\nUn document que comenta l\u2019origen dels dos indrets, que indica el circuit i la llista de tots els creadors, artistes i artesans del \u201cPol dels Oficis d\u2019Art\u201d \u00e9s a disposici\u00f3 del p\u00fablic a les dues Oficines de Turisme de Els Banys i d\u2019Arles.<\/p>\n","protected":false},"excerpt":{"rendered":"<p>El cam\u00ed de les arts i dels artesans \u00e9s un itinerari assenyalat amb una pota d\u2019os i tres torres, logo adoptat per la \u201cComunitat de Comunes Sud Canig\u00f3\u201d (Alt Vallespir). Sortint dels Banys o d\u2019Arles a peu, seguireu durant 2 hores el cam\u00ed que us conduir\u00e0 d\u2019un lloc d\u2019Arts a un altre. Dos indrets que [&hellip;]<\/p>\n","protected":false},"author":1,"featured_media":337,"comment_status":"open","ping_status":"open","sticky":false,"template":"","format":"standard","meta":{"footnotes":""},"categories":[1],"tags":[],"class_list":["post-336","post","type-post","status-publish","format-standard","has-post-thumbnail","hentry","category-general"],"_links":{"self":[{"href":"https:\/\/vallespir.cat\/index.php?rest_route=\/wp\/v2\/posts\/336","targetHints":{"allow":["GET"]}}],"collection":[{"href":"https:\/\/vallespir.cat\/index.php?rest_route=\/wp\/v2\/posts"}],"about":[{"href":"https:\/\/vallespir.cat\/index.php?rest_route=\/wp\/v2\/types\/post"}],"author":[{"embeddable":true,"href":"https:\/\/vallespir.cat\/index.php?rest_route=\/wp\/v2\/users\/1"}],"replies":[{"embeddable":true,"href":"https:\/\/vallespir.cat\/index.php?rest_route=%2Fwp%2Fv2%2Fcomments&post=336"}],"version-history":[{"count":1,"href":"https:\/\/vallespir.cat\/index.php?rest_route=\/wp\/v2\/posts\/336\/revisions"}],"predecessor-version":[{"id":338,"href":"https:\/\/vallespir.cat\/index.php?rest_route=\/wp\/v2\/posts\/336\/revisions\/338"}],"wp:featuredmedia":[{"embeddable":true,"href":"https:\/\/vallespir.cat\/index.php?rest_route=\/wp\/v2\/media\/337"}],"wp:attachment":[{"href":"https:\/\/vallespir.cat\/index.php?rest_route=%2Fwp%2Fv2%2Fmedia&parent=336"}],"wp:term":[{"taxonomy":"category","embeddable":true,"href":"https:\/\/vallespir.cat\/index.php?rest_route=%2Fwp%2Fv2%2Fcategories&post=336"},{"taxonomy":"post_tag","embeddable":true,"href":"https:\/\/vallespir.cat\/index.php?rest_route=%2Fwp%2Fv2%2Ftags&post=336"}],"curies":[{"name":"wp","href":"https:\/\/api.w.org\/{rel}","templated":true}]}}