{"id":349,"date":"2016-01-26T18:10:54","date_gmt":"2016-01-26T17:10:54","guid":{"rendered":"http:\/\/www.vallespir.cat\/?p=349"},"modified":"2016-01-26T18:10:54","modified_gmt":"2016-01-26T17:10:54","slug":"curs-de-catala-a-reiners","status":"publish","type":"post","link":"https:\/\/vallespir.cat\/?p=349","title":{"rendered":"Curs de catal\u00e0 a Reiners"},"content":{"rendered":"<p>M\u00e9s de 20 alumnes, amb edats compreses entre 7 i 70 anys, s\u00f3n instal\u00b7lats entorn de la taula d\u2019aquest primer curs de catal\u00e0 organitzat per l\u2019ajuntament de Reiners i el Centre Cultural Catal\u00e0 del Vallespir, escolten amb atenci\u00f3 les paraules d\u2019acolliment dels dos professors. Gentil Puig i Moreno, professor de les Universitats UAB de Barcelona i UPVD de Perpiny\u00e0, i Jean-Paul Escudero, ensenyant de catal\u00e0 a les universitats de Besiers i de Perpiny\u00e0. Dos professors per a un sol curs. \u00c9s una f\u00f2rmula ben original que ser\u00e0 necess\u00e0ria per a ajudar, assessorar i orientar un aprenentatge com m\u00e9s personalitzat millor de la llengua oral per\u00f2 tamb\u00e9 de la llengua escrita, en situacions de comunicaci\u00f3, combinant els coneixements d\u2019uns i altres. Una diversitat impressionant que no espanta ni Gentil ni Joan Pau.<\/p>\n<p>Per aquest primer contacte, expliquen l\u2019esperit del m\u00e8tode d\u2019aprenentage, els mitjans i el material did\u00e0ctic previst\u00a0: projector, ordinador, manual, material digital disponible sobre internet\u2026 A continuaci\u00f3 cada alumne es presenta i exposa les seves pr\u00f2pies motivacions\u00a0: comprendre, comunicar, expressar-se correctament, intercanviar en el marc professional\u2026 Justine, set anys, desitja \u00ab\u00a0parlar amb la seva amiga de Barcelona\u00a0\u00bb. Rom\u00e0, deu anys, vol parlar catal\u00e0 amb els seus avis. En Joan Jaume, enginyer, diu que compren b\u00e9 per\u00f2 parla malament, en Crist\u00f2fol, busquerol, necessita parlar catal\u00e0 per la feina. Per la seva banda, Magali Mas proposa uns intercanvis amb Ma\u00e7anet de Cabrenys, vila agermanada amb Reiners, gr\u00e0cies a la constituci\u00f3 de \u00ab\u00a0parelles ling\u00fc\u00edstiques\u00a0\u00bb que permetrien una immersi\u00f3 dins la cultura catalana. Finalment, els exercicis de la classe comencen, en forma de di\u00e0legs breus entre els alumnes que es presenten. \u00ab\u00a0Em dic Joan Pau i tu com te dius\u00a0? Em dic Chantal. Ell es diu Joan-Jaume. On vius\u00a0? Visc a Reiners.\u00a0 Ella \u00e9s infermera, i tu\u00a0?\u2026\u00a0\u00bb. La prioritat \u00e9s l\u2019oral: comprendre i sobretot parlar. Justine i Rom\u00e0, els dos alumnes m\u00e9s joves, acaben el curs cantant una can\u00e7\u00f2 de l\u2019escola: \u00abEn Joan Petit quan balla&#8230;\u00bb i \u00abSol, solet\u2026\u00bb. Cita del proper curs, sala <em>Les \u00c9choppes,<\/em> pont de Reiners, dijous 28 de gener de 18h a 19h30.<\/p>\n","protected":false},"excerpt":{"rendered":"<p>M\u00e9s de 20 alumnes, amb edats compreses entre 7 i 70 anys, s\u00f3n instal\u00b7lats entorn de la taula d\u2019aquest primer curs de catal\u00e0 organitzat per l\u2019ajuntament de Reiners i el Centre Cultural Catal\u00e0 del Vallespir, escolten amb atenci\u00f3 les paraules d\u2019acolliment dels dos professors. Gentil Puig i Moreno, professor de les Universitats UAB de Barcelona [&hellip;]<\/p>\n","protected":false},"author":1,"featured_media":350,"comment_status":"open","ping_status":"open","sticky":false,"template":"","format":"standard","meta":{"footnotes":""},"categories":[1],"tags":[],"class_list":["post-349","post","type-post","status-publish","format-standard","has-post-thumbnail","hentry","category-general"],"_links":{"self":[{"href":"https:\/\/vallespir.cat\/index.php?rest_route=\/wp\/v2\/posts\/349","targetHints":{"allow":["GET"]}}],"collection":[{"href":"https:\/\/vallespir.cat\/index.php?rest_route=\/wp\/v2\/posts"}],"about":[{"href":"https:\/\/vallespir.cat\/index.php?rest_route=\/wp\/v2\/types\/post"}],"author":[{"embeddable":true,"href":"https:\/\/vallespir.cat\/index.php?rest_route=\/wp\/v2\/users\/1"}],"replies":[{"embeddable":true,"href":"https:\/\/vallespir.cat\/index.php?rest_route=%2Fwp%2Fv2%2Fcomments&post=349"}],"version-history":[{"count":1,"href":"https:\/\/vallespir.cat\/index.php?rest_route=\/wp\/v2\/posts\/349\/revisions"}],"predecessor-version":[{"id":351,"href":"https:\/\/vallespir.cat\/index.php?rest_route=\/wp\/v2\/posts\/349\/revisions\/351"}],"wp:featuredmedia":[{"embeddable":true,"href":"https:\/\/vallespir.cat\/index.php?rest_route=\/wp\/v2\/media\/350"}],"wp:attachment":[{"href":"https:\/\/vallespir.cat\/index.php?rest_route=%2Fwp%2Fv2%2Fmedia&parent=349"}],"wp:term":[{"taxonomy":"category","embeddable":true,"href":"https:\/\/vallespir.cat\/index.php?rest_route=%2Fwp%2Fv2%2Fcategories&post=349"},{"taxonomy":"post_tag","embeddable":true,"href":"https:\/\/vallespir.cat\/index.php?rest_route=%2Fwp%2Fv2%2Ftags&post=349"}],"curies":[{"name":"wp","href":"https:\/\/api.w.org\/{rel}","templated":true}]}}