{"id":366,"date":"2016-03-11T10:34:14","date_gmt":"2016-03-11T09:34:14","guid":{"rendered":"http:\/\/www.vallespir.cat\/?p=366"},"modified":"2016-03-11T10:34:14","modified_gmt":"2016-03-11T09:34:14","slug":"presentacio-de-la-revista-vallespir-num-12","status":"publish","type":"post","link":"https:\/\/vallespir.cat\/?p=366","title":{"rendered":"Presentaci\u00f3 de la revista Vallespir n\u00fam. 12"},"content":{"rendered":"<p>(Gentil Puig i Moreno, Ceret, Vallespir)<\/p>\n<p>Des del Vallespir som molt atents a tot el que est\u00e0 passant a Catalunya icreiem, que si hi ha una cosa que sembla segura,\u00e9s que no hi pot havervolta enrere. A m\u00e9s, el poble de Catalunya planteja a la resta de l\u2019Estat espanyol uns reptes que aquest no pensava plantejar-se. Catalunya sempre ha estat capdavantera. I, tard o d\u2019hora, ell tamb\u00e9, haur\u00e0 de reformar la constituci\u00f3, escollir entre monarquia o rep\u00fablica, entre un estatfederal o confederal si no volperdre encara m\u00e9s pes a Europa i al m\u00f3n. Creiem, com molts, que el model auton\u00f2mic va donar tot el que podia donar i no podia continuar com va ser pactat durantla transici\u00f3 democr\u00e0tica fa m\u00e9s de 30 anys. Una segona transici\u00f3 sembla avui necess\u00e0ria a l\u2019Estat.<\/p>\n<p>En aquest context proposem aquest n\u00famero12 de Vallespir. En una situaci\u00f3 de canvi que tindr\u00e0 repercussions a Catalunya del Nord, i m\u00e9s al Vallespir, per la seva proximitat ambla Catalunya central. No podem ignorar el que est\u00e0 passant tant a prop, sobretot perqu\u00e8la nostra revista sempre ha desitjat mantenir lligams de germanor amb els habitants de les comarques ve\u00efnes de l\u2019Alt Empord\u00e0, la Garrotxa i el Ripoll\u00e8s.<\/p>\n<p>Quin \u00e9s doncs el contingut de Vallespir n\u00fam. 12? Llegireu el c\u00e8lebre poema \u00abOda a Espanya\u00a0\u00bb del gran poeta modernistaJoan Maragall (bastant desconegut al Vallespir), que ja era premonitori del que el poble de Catalunya est\u00e0 vivint avui. Hi trobareu les refer\u00e8ncies a la Maternitat d\u2019Elna, al Museu d\u2019Hist\u00f2ria del Vol\u00f3, l\u2019homenatge a la cantant i gran lluitadora, Teresa Rebull,o l\u2019exposici\u00f3 Dani Karavan al Museu d\u2019Art Modern de Ceret, que s\u00f3n unes mostresdel nostre passat recent que palesen elsprofunds anhels de cultura i llibertat.<\/p>\n<p>Comencem presentantuns relats vallespirencs dels nostresescriptors, Miquel Arnaudies, Magali Mas i Miquel Sargatal, i uns estudis hist\u00f2rics, com el Trofeu de Pompeual coll de Panissars,junci\u00f3 de les vies romanes Augusta i Domitia, la posici\u00f3 ambivalent e l\u2019escriptor Alfons Mias fundador del moviment catalanista \u00abTerra Nostra\u00bb durant i despr\u00e9s del Front Popular els anys 30, la desconeguda saga musical Casals, com tamb\u00e9 l\u2019estada de Picasso a Ceret el 1956, i una entrevista a una persona gran, testimoni de la vidai la llengua del poble de Reiners, laTeresaPuig.<\/p>\n<p>Com \u00e9s habitualVallespir presenta una cultura germana d\u2019arreu del m\u00f3n (com ho hem fet amb el Quebec, Flandes, Bretanya, Occit\u00e0nia, el Pa\u00eds de Gal\u00b7les, Esc\u00f2cia, etc.), permanifestar la solidaritat amb aquests pobles i el nostre inter\u00e8s per la seva hist\u00f2ria i la seva cultura. En aquesta ocasi\u00f3, presentem un pa\u00eds germ\u00e0, el Pa\u00eds Basc. Un pa\u00eds molt diferent del nostre i, no obstant, molt proper, lligat a les mateixes conting\u00e8ncies hist\u00f2riques que les nostres, i amb els mateixos desitjos de llibertat. Els bascos i nosaltres, els catalans, sabem d\u2019on venim, i aix\u00f2 \u00e9s, sens dubte, la millor garantia per saber all\u00f2 que realment volem. Us desitgem una bona lectura de Vallespir 12.<\/p>\n<p><a href=\"http:\/\/www.vallespir.cat\/wp-content\/uploads\/2016\/03\/revista_12.jpg\" rel=\"attachment wp-att-367\"><img loading=\"lazy\" decoding=\"async\" class=\"aligncenter size-medium wp-image-367\" src=\"http:\/\/www.vallespir.cat\/wp-content\/uploads\/2016\/03\/revista_12-215x300.jpg\" alt=\"revista_12\" width=\"215\" height=\"300\" srcset=\"https:\/\/vallespir.cat\/wp-content\/uploads\/2016\/03\/revista_12-215x300.jpg 215w, https:\/\/vallespir.cat\/wp-content\/uploads\/2016\/03\/revista_12.jpg 594w\" sizes=\"auto, (max-width: 215px) 100vw, 215px\" \/><\/a><\/p>\n","protected":false},"excerpt":{"rendered":"<p>(Gentil Puig i Moreno, Ceret, Vallespir) Des del Vallespir som molt atents a tot el que est\u00e0 passant a Catalunya icreiem, que si hi ha una cosa que sembla segura,\u00e9s que no hi pot havervolta enrere. A m\u00e9s, el poble de Catalunya planteja a la resta de l\u2019Estat espanyol uns reptes que aquest no pensava [&hellip;]<\/p>\n","protected":false},"author":1,"featured_media":367,"comment_status":"open","ping_status":"open","sticky":false,"template":"","format":"standard","meta":{"footnotes":""},"categories":[1],"tags":[],"class_list":["post-366","post","type-post","status-publish","format-standard","has-post-thumbnail","hentry","category-general"],"_links":{"self":[{"href":"https:\/\/vallespir.cat\/index.php?rest_route=\/wp\/v2\/posts\/366","targetHints":{"allow":["GET"]}}],"collection":[{"href":"https:\/\/vallespir.cat\/index.php?rest_route=\/wp\/v2\/posts"}],"about":[{"href":"https:\/\/vallespir.cat\/index.php?rest_route=\/wp\/v2\/types\/post"}],"author":[{"embeddable":true,"href":"https:\/\/vallespir.cat\/index.php?rest_route=\/wp\/v2\/users\/1"}],"replies":[{"embeddable":true,"href":"https:\/\/vallespir.cat\/index.php?rest_route=%2Fwp%2Fv2%2Fcomments&post=366"}],"version-history":[{"count":1,"href":"https:\/\/vallespir.cat\/index.php?rest_route=\/wp\/v2\/posts\/366\/revisions"}],"predecessor-version":[{"id":368,"href":"https:\/\/vallespir.cat\/index.php?rest_route=\/wp\/v2\/posts\/366\/revisions\/368"}],"wp:featuredmedia":[{"embeddable":true,"href":"https:\/\/vallespir.cat\/index.php?rest_route=\/wp\/v2\/media\/367"}],"wp:attachment":[{"href":"https:\/\/vallespir.cat\/index.php?rest_route=%2Fwp%2Fv2%2Fmedia&parent=366"}],"wp:term":[{"taxonomy":"category","embeddable":true,"href":"https:\/\/vallespir.cat\/index.php?rest_route=%2Fwp%2Fv2%2Fcategories&post=366"},{"taxonomy":"post_tag","embeddable":true,"href":"https:\/\/vallespir.cat\/index.php?rest_route=%2Fwp%2Fv2%2Ftags&post=366"}],"curies":[{"name":"wp","href":"https:\/\/api.w.org\/{rel}","templated":true}]}}