{"id":373,"date":"2016-04-04T09:36:52","date_gmt":"2016-04-04T07:36:52","guid":{"rendered":"http:\/\/www.vallespir.cat\/?p=373"},"modified":"2016-04-04T09:58:10","modified_gmt":"2016-04-04T07:58:10","slug":"festa-a-sant-joan-de-pladecorts","status":"publish","type":"post","link":"https:\/\/vallespir.cat\/?p=373","title":{"rendered":"Festa a Sant Joan de Pla de Corts"},"content":{"rendered":"<p>El 24 d\u2019abril de 2016 tindr\u00e0 lloc a la sala polivalent de Sant Joan de Pla de Corts.\u00a0Una festa en benefici de la Ma\u00ebva de Ceret que pateix de fa anys una meningitis.<\/p>\n<p>Una cadena de solidaritat anomenada \u00abEl somni de Ma\u00ebva\u00bb s\u2019ha creat al seu entorn i dels seus pares, per tal de contribuir financerament a les despeses dels viatges als Estats Units per al tractament de la seva malaltia i per tal de permetre tamb\u00e9 d\u2019organitzar la seva casa, perqu\u00e8 la Ma\u00ebva pugui viure com m\u00e9s normalment millor.<\/p>\n<p>El seu pare diu: \u00abL&#8217;associaci\u00f3 consta de 350 persones, amics coneguts i desconeguts\u00a0que organitzen nombroses animacions, com les de Sant Joan de Pla de Corts i de m\u00e9s enll\u00e0 per recollir els inan\u00e7aments necessaris i ajudar-nos. Moltes gr\u00e0cies a tots&#8221;.<\/p>\n<p>A la Festa de Sant Joan de Pla de Corts hi haur\u00e0 Cants Catalans pel grup &#8220;Sem i Serem\u00bb i la presentaci\u00f3 de la com\u00e8dia \u00abEl culte del pellot\u00bb de l\u2019autor vallespirenc ben conegut, Miquel Sargatal pel grup teatral &#8220;El Galliner \u00bb.<\/p>\n<p><a href=\"http:\/\/www.vallespir.cat\/wp-content\/uploads\/2016\/04\/maeva.jpg\" rel=\"attachment wp-att-375\"><img loading=\"lazy\" decoding=\"async\" class=\"aligncenter size-medium wp-image-375\" src=\"http:\/\/www.vallespir.cat\/wp-content\/uploads\/2016\/04\/maeva-300x85.jpg\" alt=\"maeva\" width=\"300\" height=\"85\" srcset=\"https:\/\/vallespir.cat\/wp-content\/uploads\/2016\/04\/maeva-300x85.jpg 300w, https:\/\/vallespir.cat\/wp-content\/uploads\/2016\/04\/maeva-768x217.jpg 768w, https:\/\/vallespir.cat\/wp-content\/uploads\/2016\/04\/maeva.jpg 883w\" sizes=\"auto, (max-width: 300px) 100vw, 300px\" \/><\/a><\/p>\n","protected":false},"excerpt":{"rendered":"<p>El 24 d\u2019abril de 2016 tindr\u00e0 lloc a la sala polivalent de Sant Joan de Pla de Corts.\u00a0Una festa en benefici de la Ma\u00ebva de Ceret que pateix de fa anys una meningitis. Una cadena de solidaritat anomenada \u00abEl somni de Ma\u00ebva\u00bb s\u2019ha creat al seu entorn i dels seus pares, per tal de contribuir [&hellip;]<\/p>\n","protected":false},"author":1,"featured_media":374,"comment_status":"open","ping_status":"open","sticky":false,"template":"","format":"standard","meta":{"footnotes":""},"categories":[1],"tags":[],"class_list":["post-373","post","type-post","status-publish","format-standard","has-post-thumbnail","hentry","category-general"],"_links":{"self":[{"href":"https:\/\/vallespir.cat\/index.php?rest_route=\/wp\/v2\/posts\/373","targetHints":{"allow":["GET"]}}],"collection":[{"href":"https:\/\/vallespir.cat\/index.php?rest_route=\/wp\/v2\/posts"}],"about":[{"href":"https:\/\/vallespir.cat\/index.php?rest_route=\/wp\/v2\/types\/post"}],"author":[{"embeddable":true,"href":"https:\/\/vallespir.cat\/index.php?rest_route=\/wp\/v2\/users\/1"}],"replies":[{"embeddable":true,"href":"https:\/\/vallespir.cat\/index.php?rest_route=%2Fwp%2Fv2%2Fcomments&post=373"}],"version-history":[{"count":2,"href":"https:\/\/vallespir.cat\/index.php?rest_route=\/wp\/v2\/posts\/373\/revisions"}],"predecessor-version":[{"id":377,"href":"https:\/\/vallespir.cat\/index.php?rest_route=\/wp\/v2\/posts\/373\/revisions\/377"}],"wp:featuredmedia":[{"embeddable":true,"href":"https:\/\/vallespir.cat\/index.php?rest_route=\/wp\/v2\/media\/374"}],"wp:attachment":[{"href":"https:\/\/vallespir.cat\/index.php?rest_route=%2Fwp%2Fv2%2Fmedia&parent=373"}],"wp:term":[{"taxonomy":"category","embeddable":true,"href":"https:\/\/vallespir.cat\/index.php?rest_route=%2Fwp%2Fv2%2Fcategories&post=373"},{"taxonomy":"post_tag","embeddable":true,"href":"https:\/\/vallespir.cat\/index.php?rest_route=%2Fwp%2Fv2%2Ftags&post=373"}],"curies":[{"name":"wp","href":"https:\/\/api.w.org\/{rel}","templated":true}]}}