{"id":379,"date":"2016-05-12T19:11:44","date_gmt":"2016-05-12T17:11:44","guid":{"rendered":"http:\/\/www.vallespir.cat\/?p=379"},"modified":"2016-05-12T19:11:44","modified_gmt":"2016-05-12T17:11:44","slug":"exposicio-de-pintura-a-la-mediateca-del-volo-el-12-de-maig-de-2016","status":"publish","type":"post","link":"https:\/\/vallespir.cat\/?p=379","title":{"rendered":"Exposici\u00f3 de pintura a la Mediateca del Vol\u00f3. el 12 de maig de 2016"},"content":{"rendered":"<p>La senyora batllesa, Nicole Villard, el consell municipal i la Mediateca del Vol\u00f3\u00a0us conviden al vernissatge de l\u2019exposici\u00f3 de pintura de les associacions del Vol\u00f3 \u00ab Colorine \u00bb i &#8220;Forma i Llum \u00bb, i a un recital del duo flauta i guitarra, sota la direcci\u00f3 de Michel Rubi\u00f3, en col\u00b7laboraci\u00f3 amb el Festival de M\u00fasica dels joves int\u00e8rprets.<\/p>\n<p><strong>DATA :<\/strong> El 12 de maig de 2016 a les 18h a la Mediateca municipal (Entrada Lluire).<\/p>\n<p><a href=\"http:\/\/www.vallespir.cat\/wp-content\/uploads\/2016\/05\/120516g.jpg\" rel=\"attachment wp-att-380\"><img loading=\"lazy\" decoding=\"async\" class=\"aligncenter wp-image-380 size-full\" src=\"http:\/\/www.vallespir.cat\/wp-content\/uploads\/2016\/05\/120516g.jpg\" alt=\"120516g\" width=\"596\" height=\"284\" srcset=\"https:\/\/vallespir.cat\/wp-content\/uploads\/2016\/05\/120516g.jpg 596w, https:\/\/vallespir.cat\/wp-content\/uploads\/2016\/05\/120516g-300x143.jpg 300w\" sizes=\"auto, (max-width: 596px) 100vw, 596px\" \/><\/a><\/p>\n","protected":false},"excerpt":{"rendered":"<p>La senyora batllesa, Nicole Villard, el consell municipal i la Mediateca del Vol\u00f3\u00a0us conviden al vernissatge de l\u2019exposici\u00f3 de pintura de les associacions del Vol\u00f3 \u00ab Colorine \u00bb i &#8220;Forma i Llum \u00bb, i a un recital del duo flauta i guitarra, sota la direcci\u00f3 de Michel Rubi\u00f3, en col\u00b7laboraci\u00f3 amb el Festival de M\u00fasica [&hellip;]<\/p>\n","protected":false},"author":1,"featured_media":381,"comment_status":"open","ping_status":"open","sticky":false,"template":"","format":"standard","meta":{"footnotes":""},"categories":[1],"tags":[],"class_list":["post-379","post","type-post","status-publish","format-standard","has-post-thumbnail","hentry","category-general"],"_links":{"self":[{"href":"https:\/\/vallespir.cat\/index.php?rest_route=\/wp\/v2\/posts\/379","targetHints":{"allow":["GET"]}}],"collection":[{"href":"https:\/\/vallespir.cat\/index.php?rest_route=\/wp\/v2\/posts"}],"about":[{"href":"https:\/\/vallespir.cat\/index.php?rest_route=\/wp\/v2\/types\/post"}],"author":[{"embeddable":true,"href":"https:\/\/vallespir.cat\/index.php?rest_route=\/wp\/v2\/users\/1"}],"replies":[{"embeddable":true,"href":"https:\/\/vallespir.cat\/index.php?rest_route=%2Fwp%2Fv2%2Fcomments&post=379"}],"version-history":[{"count":1,"href":"https:\/\/vallespir.cat\/index.php?rest_route=\/wp\/v2\/posts\/379\/revisions"}],"predecessor-version":[{"id":382,"href":"https:\/\/vallespir.cat\/index.php?rest_route=\/wp\/v2\/posts\/379\/revisions\/382"}],"wp:featuredmedia":[{"embeddable":true,"href":"https:\/\/vallespir.cat\/index.php?rest_route=\/wp\/v2\/media\/381"}],"wp:attachment":[{"href":"https:\/\/vallespir.cat\/index.php?rest_route=%2Fwp%2Fv2%2Fmedia&parent=379"}],"wp:term":[{"taxonomy":"category","embeddable":true,"href":"https:\/\/vallespir.cat\/index.php?rest_route=%2Fwp%2Fv2%2Fcategories&post=379"},{"taxonomy":"post_tag","embeddable":true,"href":"https:\/\/vallespir.cat\/index.php?rest_route=%2Fwp%2Fv2%2Ftags&post=379"}],"curies":[{"name":"wp","href":"https:\/\/api.w.org\/{rel}","templated":true}]}}