{"id":384,"date":"2016-05-31T15:08:45","date_gmt":"2016-05-31T13:08:45","guid":{"rendered":"http:\/\/www.vallespir.cat\/?p=384"},"modified":"2016-05-31T15:11:34","modified_gmt":"2016-05-31T13:11:34","slug":"ruta-dels-presidents-de-la-republica-els-4-i-5-de-juny-de-2016","status":"publish","type":"post","link":"https:\/\/vallespir.cat\/?p=384","title":{"rendered":"Ruta dels presidents de la Rep\u00fablica, els 4 i 5 de juny de 2016"},"content":{"rendered":"<p>L\u2019\u00d2mnium Cultural del Tarragon\u00e8s organitza els 4 i 5 de juny un itinerari de descoberta dels presidents de la Generalitat de Catalunya: Francesc Maci\u00e0 i Llu\u00eds Companys.<\/p>\n<p>Primer, el dissabte 4 de juny sortida de Tarragona de matinada, i arribada a Agullana, La Vajol,\u00a0Ma\u00e7anet\u00a0de Cabrenys, a l\u2019Alt Empord\u00e0,\u00a0fins a Prats de Moll\u00f3 (Alt Vallespir). Arribada el vespre nit a Ceret.<\/p>\n<p>El diumenge 5 de juny pel mat\u00ed visita i descoberta de Ceret<span class=\"\">\u00a0amb Miquel Arnaudies (cita al Casal Catal\u00e0,\u00a0carrer de Sant Ferreol), president del CCCV,dinar a Ceret\u00a0<\/span>i per la tarda visita de la capella\u00a0rom\u00e0nica\u00a0de Sant\u00a0Mart\u00ed de Fenollar, prop de Maurell\u00e0s. Retorn a Tarragona\u00a0a la tarda vespre.<\/p>\n<p><a href=\"http:\/\/www.vallespir.cat\/wp-content\/uploads\/2016\/05\/guia_presidents_republica.pdf\" target=\"_blank\">Guia Presidents Rep\u00fablica (pdf)<\/a><\/p>\n<p><a href=\"http:\/\/www.vallespir.cat\/wp-content\/uploads\/2016\/05\/foto3.jpg\" rel=\"attachment wp-att-387\"><img loading=\"lazy\" decoding=\"async\" class=\"aligncenter size-full wp-image-387\" src=\"http:\/\/www.vallespir.cat\/wp-content\/uploads\/2016\/05\/foto3.jpg\" alt=\"foto3\" width=\"164\" height=\"219\" \/><\/a><\/p>\n","protected":false},"excerpt":{"rendered":"<p>L\u2019\u00d2mnium Cultural del Tarragon\u00e8s organitza els 4 i 5 de juny un itinerari de descoberta dels presidents de la Generalitat de Catalunya: Francesc Maci\u00e0 i Llu\u00eds Companys. Primer, el dissabte 4 de juny sortida de Tarragona de matinada, i arribada a Agullana, La Vajol,\u00a0Ma\u00e7anet\u00a0de Cabrenys, a l\u2019Alt Empord\u00e0,\u00a0fins a Prats de Moll\u00f3 (Alt Vallespir). Arribada [&hellip;]<\/p>\n","protected":false},"author":1,"featured_media":386,"comment_status":"open","ping_status":"open","sticky":false,"template":"","format":"standard","meta":{"footnotes":""},"categories":[1],"tags":[],"class_list":["post-384","post","type-post","status-publish","format-standard","has-post-thumbnail","hentry","category-general"],"_links":{"self":[{"href":"https:\/\/vallespir.cat\/index.php?rest_route=\/wp\/v2\/posts\/384","targetHints":{"allow":["GET"]}}],"collection":[{"href":"https:\/\/vallespir.cat\/index.php?rest_route=\/wp\/v2\/posts"}],"about":[{"href":"https:\/\/vallespir.cat\/index.php?rest_route=\/wp\/v2\/types\/post"}],"author":[{"embeddable":true,"href":"https:\/\/vallespir.cat\/index.php?rest_route=\/wp\/v2\/users\/1"}],"replies":[{"embeddable":true,"href":"https:\/\/vallespir.cat\/index.php?rest_route=%2Fwp%2Fv2%2Fcomments&post=384"}],"version-history":[{"count":2,"href":"https:\/\/vallespir.cat\/index.php?rest_route=\/wp\/v2\/posts\/384\/revisions"}],"predecessor-version":[{"id":390,"href":"https:\/\/vallespir.cat\/index.php?rest_route=\/wp\/v2\/posts\/384\/revisions\/390"}],"wp:featuredmedia":[{"embeddable":true,"href":"https:\/\/vallespir.cat\/index.php?rest_route=\/wp\/v2\/media\/386"}],"wp:attachment":[{"href":"https:\/\/vallespir.cat\/index.php?rest_route=%2Fwp%2Fv2%2Fmedia&parent=384"}],"wp:term":[{"taxonomy":"category","embeddable":true,"href":"https:\/\/vallespir.cat\/index.php?rest_route=%2Fwp%2Fv2%2Fcategories&post=384"},{"taxonomy":"post_tag","embeddable":true,"href":"https:\/\/vallespir.cat\/index.php?rest_route=%2Fwp%2Fv2%2Ftags&post=384"}],"curies":[{"name":"wp","href":"https:\/\/api.w.org\/{rel}","templated":true}]}}