{"id":392,"date":"2016-08-05T21:24:11","date_gmt":"2016-08-05T19:24:11","guid":{"rendered":"http:\/\/www.vallespir.cat\/?p=392"},"modified":"2017-09-06T08:46:49","modified_gmt":"2017-09-06T06:46:49","slug":"via-festa-catalana-del-vallespir-2016","status":"publish","type":"post","link":"https:\/\/vallespir.cat\/?p=392","title":{"rendered":"VIa Festa Catalana del Vallespir 2016"},"content":{"rendered":"<p>El CCCV organitza la VIa FESTA CATALANA DEL VALLESPIR el 9 d\u2019octubre de 2016 amb la col\u00b7laboraci\u00f3 de R\u00e0dio Arrels.<\/p>\n<p>Tindr\u00e0 lloc a la sala de festes d\u2019Arles de les 10h a les 17h. Entrada gratu\u00efta.<\/p>\n<p>Hi haur\u00e0 actuacions artistiques de m\u00fasica, poesia, teatre i exposicions dels grups del Vallespir i d\u2019arreu, i parades culturals de les associacions.Al migdia hi haur\u00e0 una arrossada popular, al preu de 12,00 \u20ac per persona.<\/p>\n<p><a href=\"http:\/\/www.vallespir.cat\/wp-content\/uploads\/2016\/08\/foto2.jpeg\" rel=\"attachment wp-att-394\"><img loading=\"lazy\" decoding=\"async\" class=\"aligncenter wp-image-394 size-medium\" src=\"http:\/\/www.vallespir.cat\/wp-content\/uploads\/2016\/08\/foto2-300x225.jpeg\" alt=\"foto2\" width=\"300\" height=\"225\" srcset=\"https:\/\/vallespir.cat\/wp-content\/uploads\/2016\/08\/foto2-300x225.jpeg 300w, https:\/\/vallespir.cat\/wp-content\/uploads\/2016\/08\/foto2-768x576.jpeg 768w, https:\/\/vallespir.cat\/wp-content\/uploads\/2016\/08\/foto2-1024x768.jpeg 1024w, https:\/\/vallespir.cat\/wp-content\/uploads\/2016\/08\/foto2.jpeg 1280w\" sizes=\"auto, (max-width: 300px) 100vw, 300px\" \/><\/a><\/p>\n<p><a href=\"http:\/\/www.vallespir.cat\/wp-content\/uploads\/2016\/08\/festa_catalana.jpg\" rel=\"attachment wp-att-397\"><img loading=\"lazy\" decoding=\"async\" class=\"aligncenter size-medium wp-image-397\" src=\"http:\/\/www.vallespir.cat\/wp-content\/uploads\/2016\/08\/festa_catalana-293x300.jpg\" alt=\"festa_catalana\" width=\"293\" height=\"300\" srcset=\"https:\/\/vallespir.cat\/wp-content\/uploads\/2016\/08\/festa_catalana-293x300.jpg 293w, https:\/\/vallespir.cat\/wp-content\/uploads\/2016\/08\/festa_catalana.jpg 640w\" sizes=\"auto, (max-width: 293px) 100vw, 293px\" \/><\/a><\/p>\n","protected":false},"excerpt":{"rendered":"<p>El CCCV organitza la VIa FESTA CATALANA DEL VALLESPIR el 9 d\u2019octubre de 2016 amb la col\u00b7laboraci\u00f3 de R\u00e0dio Arrels. Tindr\u00e0 lloc a la sala de festes d\u2019Arles de les 10h a les 17h. Entrada gratu\u00efta. Hi haur\u00e0 actuacions artistiques de m\u00fasica, poesia, teatre i exposicions dels grups del Vallespir i d\u2019arreu, i parades culturals [&hellip;]<\/p>\n","protected":false},"author":1,"featured_media":401,"comment_status":"open","ping_status":"open","sticky":false,"template":"","format":"standard","meta":{"footnotes":""},"categories":[6],"tags":[],"class_list":["post-392","post","type-post","status-publish","format-standard","has-post-thumbnail","hentry","category-activitats-culturals"],"_links":{"self":[{"href":"https:\/\/vallespir.cat\/index.php?rest_route=\/wp\/v2\/posts\/392","targetHints":{"allow":["GET"]}}],"collection":[{"href":"https:\/\/vallespir.cat\/index.php?rest_route=\/wp\/v2\/posts"}],"about":[{"href":"https:\/\/vallespir.cat\/index.php?rest_route=\/wp\/v2\/types\/post"}],"author":[{"embeddable":true,"href":"https:\/\/vallespir.cat\/index.php?rest_route=\/wp\/v2\/users\/1"}],"replies":[{"embeddable":true,"href":"https:\/\/vallespir.cat\/index.php?rest_route=%2Fwp%2Fv2%2Fcomments&post=392"}],"version-history":[{"count":3,"href":"https:\/\/vallespir.cat\/index.php?rest_route=\/wp\/v2\/posts\/392\/revisions"}],"predecessor-version":[{"id":399,"href":"https:\/\/vallespir.cat\/index.php?rest_route=\/wp\/v2\/posts\/392\/revisions\/399"}],"wp:featuredmedia":[{"embeddable":true,"href":"https:\/\/vallespir.cat\/index.php?rest_route=\/wp\/v2\/media\/401"}],"wp:attachment":[{"href":"https:\/\/vallespir.cat\/index.php?rest_route=%2Fwp%2Fv2%2Fmedia&parent=392"}],"wp:term":[{"taxonomy":"category","embeddable":true,"href":"https:\/\/vallespir.cat\/index.php?rest_route=%2Fwp%2Fv2%2Fcategories&post=392"},{"taxonomy":"post_tag","embeddable":true,"href":"https:\/\/vallespir.cat\/index.php?rest_route=%2Fwp%2Fv2%2Ftags&post=392"}],"curies":[{"name":"wp","href":"https:\/\/api.w.org\/{rel}","templated":true}]}}