{"id":4,"date":"2012-04-01T13:14:52","date_gmt":"2012-04-01T11:14:52","guid":{"rendered":"http:\/\/www.vallespir.cat\/?p=4"},"modified":"2012-06-04T12:42:31","modified_gmt":"2012-06-04T10:42:31","slug":"entrada-1","status":"publish","type":"post","link":"https:\/\/vallespir.cat\/?p=4","title":{"rendered":"Festa de Sant Jordi al Vallespir"},"content":{"rendered":"<p><strong>Festa de Sant Jordi al Vallespir, els 21 i 26 d\u2019abril de 2012<\/strong><\/p>\n<p>A Reiners el passat 26 d\u2019abril de 2012 s\u2019ha celebrat la festa de Sant Jordi. Era la festa del Llibre i de la Rosa, amb parades de llibres, productes artesanals locals i distribuci\u00f3 de roses. A m\u00e9s hi ha hagut m\u00fasica i literatura: s\u2019ha escoltat una orquestra de jazz i la lectura de textos. Tamb\u00e9 s\u2019han fet tallers gratu\u00efts per a nins organitzats per l\u2019Escola p\u00fablica de Reiners.<\/p>\n<p>A Perpiny\u00e0, la Festa de Sant Jordi s\u2019ha celebrat el dissabte 21 d\u2019abril, i com cada any, el CCCV era present al voral Vauban al costat de tots el altres editors i llibreters catalans. Enguany el CCCV era representat per l\u2019amic Renat Buscat\u00f3 de Ceret que ha participat a la presentaci\u00f3 i venda del diferents n\u00fameros de la nostra revista Vallespir que t\u00e9 sempre una bona acollida.<\/p>\n<p>A Ceret l\u2019Escola de Catal\u00e0 ha celebrat la festa de Sant Jordi 2012 el dissabte 21 d\u2019abril amb una exposici\u00f3 de llibres i regal de roses a la pla\u00e7a Picass\u00f3 de Ceret on, a m\u00e9s, s\u2019ha organitzat un espectacle amb un recital de poemes de Joan Cayrol (Jordi Pere Cerd\u00e0) per la seva filla que va ser un moment molt emotiu i una cantada de can\u00e7ons catalanes a c\u00e0rrec dels alumnes de l\u2019Escola de Catal\u00e0 (text d\u2019en Renat Buscat\u00f3).<\/p>\n<p>Al Vol\u00f3 el Comit\u00e8 Sant Jordi, la mediateca i el senyor batlle han organitzat el divendres 27 d\u2019abril una festa amb presentaci\u00f3 i exposici\u00f3 de llibres. S\u2019han celebrat actes culturals i una exposici\u00f3 de pintura \u00abLa Costa Catalana\u00bb amb confer\u00e8ncies sobre la hist\u00f2ria dels vins de la Costa Vermella i la pesca al lamparo. Tamb\u00e9 s\u2019ha celebrat el vernissatge de l\u2019exposici\u00f3 de fotographies panor\u00e0miques \u00abEn Pa\u00eds Catal\u00e0\u00bb de Gui Banyuls (text de l\u2019Herv\u00e9 Bazi\u00e0).<\/p>\n","protected":false},"excerpt":{"rendered":"<p>Festa de Sant Jordi al Vallespir, els 21 i 26 d\u2019abril de 2012 A Reiners el passat 26 d\u2019abril de 2012 s\u2019ha celebrat la festa de Sant Jordi. Era la festa del Llibre i de la Rosa, amb parades de llibres, productes artesanals locals i distribuci\u00f3 de roses. A m\u00e9s hi ha hagut m\u00fasica i [&hellip;]<\/p>\n","protected":false},"author":1,"featured_media":8,"comment_status":"open","ping_status":"open","sticky":false,"template":"","format":"standard","meta":{"footnotes":""},"categories":[3,7],"tags":[],"class_list":["post-4","post","type-post","status-publish","format-standard","has-post-thumbnail","hentry","category-destacat","category-festes-catalanes"],"_links":{"self":[{"href":"https:\/\/vallespir.cat\/index.php?rest_route=\/wp\/v2\/posts\/4","targetHints":{"allow":["GET"]}}],"collection":[{"href":"https:\/\/vallespir.cat\/index.php?rest_route=\/wp\/v2\/posts"}],"about":[{"href":"https:\/\/vallespir.cat\/index.php?rest_route=\/wp\/v2\/types\/post"}],"author":[{"embeddable":true,"href":"https:\/\/vallespir.cat\/index.php?rest_route=\/wp\/v2\/users\/1"}],"replies":[{"embeddable":true,"href":"https:\/\/vallespir.cat\/index.php?rest_route=%2Fwp%2Fv2%2Fcomments&post=4"}],"version-history":[{"count":5,"href":"https:\/\/vallespir.cat\/index.php?rest_route=\/wp\/v2\/posts\/4\/revisions"}],"predecessor-version":[{"id":71,"href":"https:\/\/vallespir.cat\/index.php?rest_route=\/wp\/v2\/posts\/4\/revisions\/71"}],"wp:featuredmedia":[{"embeddable":true,"href":"https:\/\/vallespir.cat\/index.php?rest_route=\/wp\/v2\/media\/8"}],"wp:attachment":[{"href":"https:\/\/vallespir.cat\/index.php?rest_route=%2Fwp%2Fv2%2Fmedia&parent=4"}],"wp:term":[{"taxonomy":"category","embeddable":true,"href":"https:\/\/vallespir.cat\/index.php?rest_route=%2Fwp%2Fv2%2Fcategories&post=4"},{"taxonomy":"post_tag","embeddable":true,"href":"https:\/\/vallespir.cat\/index.php?rest_route=%2Fwp%2Fv2%2Ftags&post=4"}],"curies":[{"name":"wp","href":"https:\/\/api.w.org\/{rel}","templated":true}]}}