{"id":411,"date":"2017-02-20T14:47:05","date_gmt":"2017-02-20T13:47:05","guid":{"rendered":"http:\/\/www.vallespir.cat\/?p=411"},"modified":"2017-02-20T14:47:53","modified_gmt":"2017-02-20T13:47:53","slug":"enquesta-del-centre-cultural-catala-del-vallespir","status":"publish","type":"post","link":"https:\/\/vallespir.cat\/?p=411","title":{"rendered":"Enquesta del Centre Cultural Catal\u00e0 del Vallespir"},"content":{"rendered":"<p>Aqu\u00ed teniu els resultats de l&#8217;enquesta que es va fer per saber qu\u00e8 opinava el p\u00fablic de la 6a. CAT&#8217;FESTA,\u00a0 del futur cultural i econ\u00f2mic del Vallespir, aix\u00ed com el seu nivell de catal\u00e0 i\u00a0l&#8217;audi\u00e8ncia de R\u00e0dio Arrels, la r\u00e0dio nord-catalana.<\/p>\n<p><a href=\"http:\/\/www.vallespir.cat\/wp-content\/uploads\/2017\/02\/EnquestaCCCV.pdf\" target=\"_blank\">Resultats de l&#8217;enquesta &#8211; (PDF)<\/a><\/p>\n","protected":false},"excerpt":{"rendered":"<p>Aqu\u00ed teniu els resultats de l&#8217;enquesta que es va fer per saber qu\u00e8 opinava el p\u00fablic de la 6a. CAT&#8217;FESTA,\u00a0 del futur cultural i econ\u00f2mic del Vallespir, aix\u00ed com el seu nivell de catal\u00e0 i\u00a0l&#8217;audi\u00e8ncia de R\u00e0dio Arrels, la r\u00e0dio nord-catalana. Resultats de l&#8217;enquesta &#8211; (PDF)<\/p>\n","protected":false},"author":1,"featured_media":397,"comment_status":"open","ping_status":"open","sticky":false,"template":"","format":"standard","meta":{"footnotes":""},"categories":[1],"tags":[],"class_list":["post-411","post","type-post","status-publish","format-standard","has-post-thumbnail","hentry","category-general"],"_links":{"self":[{"href":"https:\/\/vallespir.cat\/index.php?rest_route=\/wp\/v2\/posts\/411","targetHints":{"allow":["GET"]}}],"collection":[{"href":"https:\/\/vallespir.cat\/index.php?rest_route=\/wp\/v2\/posts"}],"about":[{"href":"https:\/\/vallespir.cat\/index.php?rest_route=\/wp\/v2\/types\/post"}],"author":[{"embeddable":true,"href":"https:\/\/vallespir.cat\/index.php?rest_route=\/wp\/v2\/users\/1"}],"replies":[{"embeddable":true,"href":"https:\/\/vallespir.cat\/index.php?rest_route=%2Fwp%2Fv2%2Fcomments&post=411"}],"version-history":[{"count":2,"href":"https:\/\/vallespir.cat\/index.php?rest_route=\/wp\/v2\/posts\/411\/revisions"}],"predecessor-version":[{"id":415,"href":"https:\/\/vallespir.cat\/index.php?rest_route=\/wp\/v2\/posts\/411\/revisions\/415"}],"wp:featuredmedia":[{"embeddable":true,"href":"https:\/\/vallespir.cat\/index.php?rest_route=\/wp\/v2\/media\/397"}],"wp:attachment":[{"href":"https:\/\/vallespir.cat\/index.php?rest_route=%2Fwp%2Fv2%2Fmedia&parent=411"}],"wp:term":[{"taxonomy":"category","embeddable":true,"href":"https:\/\/vallespir.cat\/index.php?rest_route=%2Fwp%2Fv2%2Fcategories&post=411"},{"taxonomy":"post_tag","embeddable":true,"href":"https:\/\/vallespir.cat\/index.php?rest_route=%2Fwp%2Fv2%2Ftags&post=411"}],"curies":[{"name":"wp","href":"https:\/\/api.w.org\/{rel}","templated":true}]}}