{"id":417,"date":"2017-03-06T19:49:59","date_gmt":"2017-03-06T18:49:59","guid":{"rendered":"http:\/\/www.vallespir.cat\/?p=417"},"modified":"2017-03-06T19:51:04","modified_gmt":"2017-03-06T18:51:04","slug":"la-primavera-al-volo","status":"publish","type":"post","link":"https:\/\/vallespir.cat\/?p=417","title":{"rendered":"La Primavera al Vol\u00f3"},"content":{"rendered":"<div>\u00a0<span style=\"color: #11053b;\"><span class=\"\">L\u2019Escola de Catal\u00e0 del Vol\u00f3 <\/span><span class=\"\">organitza com cada any La<\/span><span class=\"\">\u00a0PRIMAVERA i us invita a aquesta cita cultural.\u00a0<\/span><\/span><\/div>\n<div><span class=\"\">Durant la vesprada del dissabte podreu descobrir uns artistes\u00a0<\/span><span class=\"\">que s\u2019expressaran en catal\u00e0. <\/span><\/div>\n<div><span class=\"\">Tamb\u00e9 podreu compartir\u00a0<\/span><span class=\"\">un \u00e0pat convivial, i fins i tot ballar. <\/span><\/div>\n<div><span class=\"\">Cada any una programaci\u00f3 diferent \u00e9s proposada. <\/span><\/div>\n<div><span class=\"\">Aquesta vetllada sempre vol\u00a0<\/span><span class=\"\">ser\u00a0<\/span><span class=\"\">catalana<\/span><span class=\"\">, din\u00e0mica, accollidora i oberta a tothom. <\/span><\/div>\n<div><span class=\"\">Enguany<\/span><span class=\"\">, us invitem a descobrir un jove mag. <\/span><\/div>\n<div><span class=\"\">Finalment, el<\/span><span class=\"\">\u00a0grup musical EDEN <\/span><span class=\"\">animar\u00e0 la vetllada i us far\u00e0 ballar.\u00a0<\/span><\/div>\n<div><span class=\"\">Animeu-vos i inviteu els vostres amics.<\/span><\/div>\n<div><a href=\"http:\/\/www.vallespir.cat\/wp-content\/uploads\/2017\/03\/primavera_2017.jpg\" rel=\"attachment wp-att-418\"><img loading=\"lazy\" decoding=\"async\" class=\"aligncenter wp-image-418 size-full\" src=\"http:\/\/www.vallespir.cat\/wp-content\/uploads\/2017\/03\/primavera_2017.jpg\" alt=\"primavera_2017\" width=\"394\" height=\"553\" srcset=\"https:\/\/vallespir.cat\/wp-content\/uploads\/2017\/03\/primavera_2017.jpg 394w, https:\/\/vallespir.cat\/wp-content\/uploads\/2017\/03\/primavera_2017-214x300.jpg 214w\" sizes=\"auto, (max-width: 394px) 100vw, 394px\" \/><\/a><\/div>\n","protected":false},"excerpt":{"rendered":"<p>\u00a0L\u2019Escola de Catal\u00e0 del Vol\u00f3 organitza com cada any La\u00a0PRIMAVERA i us invita a aquesta cita cultural.\u00a0 Durant la vesprada del dissabte podreu descobrir uns artistes\u00a0que s\u2019expressaran en catal\u00e0. Tamb\u00e9 podreu compartir\u00a0un \u00e0pat convivial, i fins i tot ballar. Cada any una programaci\u00f3 diferent \u00e9s proposada. Aquesta vetllada sempre vol\u00a0ser\u00a0catalana, din\u00e0mica, accollidora i oberta a [&hellip;]<\/p>\n","protected":false},"author":1,"featured_media":418,"comment_status":"open","ping_status":"open","sticky":false,"template":"","format":"standard","meta":{"footnotes":""},"categories":[1],"tags":[],"class_list":["post-417","post","type-post","status-publish","format-standard","has-post-thumbnail","hentry","category-general"],"_links":{"self":[{"href":"https:\/\/vallespir.cat\/index.php?rest_route=\/wp\/v2\/posts\/417","targetHints":{"allow":["GET"]}}],"collection":[{"href":"https:\/\/vallespir.cat\/index.php?rest_route=\/wp\/v2\/posts"}],"about":[{"href":"https:\/\/vallespir.cat\/index.php?rest_route=\/wp\/v2\/types\/post"}],"author":[{"embeddable":true,"href":"https:\/\/vallespir.cat\/index.php?rest_route=\/wp\/v2\/users\/1"}],"replies":[{"embeddable":true,"href":"https:\/\/vallespir.cat\/index.php?rest_route=%2Fwp%2Fv2%2Fcomments&post=417"}],"version-history":[{"count":2,"href":"https:\/\/vallespir.cat\/index.php?rest_route=\/wp\/v2\/posts\/417\/revisions"}],"predecessor-version":[{"id":420,"href":"https:\/\/vallespir.cat\/index.php?rest_route=\/wp\/v2\/posts\/417\/revisions\/420"}],"wp:featuredmedia":[{"embeddable":true,"href":"https:\/\/vallespir.cat\/index.php?rest_route=\/wp\/v2\/media\/418"}],"wp:attachment":[{"href":"https:\/\/vallespir.cat\/index.php?rest_route=%2Fwp%2Fv2%2Fmedia&parent=417"}],"wp:term":[{"taxonomy":"category","embeddable":true,"href":"https:\/\/vallespir.cat\/index.php?rest_route=%2Fwp%2Fv2%2Fcategories&post=417"},{"taxonomy":"post_tag","embeddable":true,"href":"https:\/\/vallespir.cat\/index.php?rest_route=%2Fwp%2Fv2%2Ftags&post=417"}],"curies":[{"name":"wp","href":"https:\/\/api.w.org\/{rel}","templated":true}]}}