{"id":431,"date":"2017-09-06T08:46:06","date_gmt":"2017-09-06T06:46:06","guid":{"rendered":"http:\/\/www.vallespir.cat\/?p=431"},"modified":"2018-04-16T19:05:56","modified_gmt":"2018-04-16T17:05:56","slug":"vii-festa-catalana-del-vallespir-2017","status":"publish","type":"post","link":"https:\/\/vallespir.cat\/?p=431","title":{"rendered":"VII Festa catalana del Vallespir 2017"},"content":{"rendered":"<div class=\"\">El CCCV organitza diumenge 8 d&#8217;octubre de 2017, la VII CAT&#8217;FESTA, la Festa Catalana del Vallespir, trobada\u00a0transfronterera\u00a0de les associacins culturals catalanes.<br \/>\nTindr\u00e0 lloc a la sala de festes d&#8217;Arles de les 10h a les 17h.<br \/>\nEntrada gratu\u00efta.<br \/>\nAmb actuacions de m\u00fasica, poesia, teatre, exposicions, etc, i la col.laboraci\u00f3 de r\u00e0dio Arrels.<br \/>\nAl migdia arrossada popular al preu de 12 euros per persona.<\/div>\n<div class=\"\"><\/div>\n<div class=\"\"><a href=\"http:\/\/www.vallespir.cat\/wp-content\/uploads\/2017\/09\/cat_festa_p1.jpg\" rel=\"attachment wp-att-435\"><img loading=\"lazy\" decoding=\"async\" class=\"aligncenter size-full wp-image-435\" src=\"http:\/\/www.vallespir.cat\/wp-content\/uploads\/2017\/09\/cat_festa_p1.jpg\" alt=\"cat_festa_p1\" width=\"450\" height=\"457\" srcset=\"https:\/\/vallespir.cat\/wp-content\/uploads\/2017\/09\/cat_festa_p1.jpg 450w, https:\/\/vallespir.cat\/wp-content\/uploads\/2017\/09\/cat_festa_p1-295x300.jpg 295w\" sizes=\"auto, (max-width: 450px) 100vw, 450px\" \/><\/a><\/div>\n","protected":false},"excerpt":{"rendered":"<p>El CCCV organitza diumenge 8 d&#8217;octubre de 2017, la VII CAT&#8217;FESTA, la Festa Catalana del Vallespir, trobada\u00a0transfronterera\u00a0de les associacins culturals catalanes. Tindr\u00e0 lloc a la sala de festes d&#8217;Arles de les 10h a les 17h. Entrada gratu\u00efta. Amb actuacions de m\u00fasica, poesia, teatre, exposicions, etc, i la col.laboraci\u00f3 de r\u00e0dio Arrels. Al migdia arrossada popular [&hellip;]<\/p>\n","protected":false},"author":1,"featured_media":433,"comment_status":"open","ping_status":"open","sticky":false,"template":"","format":"standard","meta":{"footnotes":""},"categories":[6],"tags":[],"class_list":["post-431","post","type-post","status-publish","format-standard","has-post-thumbnail","hentry","category-activitats-culturals"],"_links":{"self":[{"href":"https:\/\/vallespir.cat\/index.php?rest_route=\/wp\/v2\/posts\/431","targetHints":{"allow":["GET"]}}],"collection":[{"href":"https:\/\/vallespir.cat\/index.php?rest_route=\/wp\/v2\/posts"}],"about":[{"href":"https:\/\/vallespir.cat\/index.php?rest_route=\/wp\/v2\/types\/post"}],"author":[{"embeddable":true,"href":"https:\/\/vallespir.cat\/index.php?rest_route=\/wp\/v2\/users\/1"}],"replies":[{"embeddable":true,"href":"https:\/\/vallespir.cat\/index.php?rest_route=%2Fwp%2Fv2%2Fcomments&post=431"}],"version-history":[{"count":2,"href":"https:\/\/vallespir.cat\/index.php?rest_route=\/wp\/v2\/posts\/431\/revisions"}],"predecessor-version":[{"id":436,"href":"https:\/\/vallespir.cat\/index.php?rest_route=\/wp\/v2\/posts\/431\/revisions\/436"}],"wp:featuredmedia":[{"embeddable":true,"href":"https:\/\/vallespir.cat\/index.php?rest_route=\/wp\/v2\/media\/433"}],"wp:attachment":[{"href":"https:\/\/vallespir.cat\/index.php?rest_route=%2Fwp%2Fv2%2Fmedia&parent=431"}],"wp:term":[{"taxonomy":"category","embeddable":true,"href":"https:\/\/vallespir.cat\/index.php?rest_route=%2Fwp%2Fv2%2Fcategories&post=431"},{"taxonomy":"post_tag","embeddable":true,"href":"https:\/\/vallespir.cat\/index.php?rest_route=%2Fwp%2Fv2%2Ftags&post=431"}],"curies":[{"name":"wp","href":"https:\/\/api.w.org\/{rel}","templated":true}]}}