{"id":447,"date":"2018-02-17T16:28:40","date_gmt":"2018-02-17T15:28:40","guid":{"rendered":"http:\/\/www.vallespir.cat\/?p=447"},"modified":"2018-02-17T16:28:40","modified_gmt":"2018-02-17T15:28:40","slug":"conferencia-en-llengua-catalana-basada-en-la-biografia-de-companys","status":"publish","type":"post","link":"https:\/\/vallespir.cat\/?p=447","title":{"rendered":"Confer\u00e8ncia en llengua catalana basada en la biografia de Companys"},"content":{"rendered":"<p>Dimecres 21\/02 a les 18h30<br \/>\nCasa del Vol\u00f3 \/ Maison de l&#8217;Histoire<br \/>\nPer Montserrat Cober\u00f3 i Farr\u00e9s<br \/>\nConfer\u00e8ncia en llengua catalana basada en la biografia de Companys\u00a0i els problemes que van sorgir entre\u00a0la naixent Generalitat i el Govern Espanyol entre els anys 1930 i 1940.<\/p>\n<p><a href=\"http:\/\/www.vallespir.cat\/wp-content\/uploads\/2018\/02\/180217g.jpg\" rel=\"attachment wp-att-448\"><img loading=\"lazy\" decoding=\"async\" class=\"aligncenter size-full wp-image-448\" src=\"http:\/\/www.vallespir.cat\/wp-content\/uploads\/2018\/02\/180217g.jpg\" alt=\"180217g\" width=\"500\" height=\"343\" srcset=\"https:\/\/vallespir.cat\/wp-content\/uploads\/2018\/02\/180217g.jpg 500w, https:\/\/vallespir.cat\/wp-content\/uploads\/2018\/02\/180217g-300x206.jpg 300w\" sizes=\"auto, (max-width: 500px) 100vw, 500px\" \/><\/a><\/p>\n","protected":false},"excerpt":{"rendered":"<p>Dimecres 21\/02 a les 18h30 Casa del Vol\u00f3 \/ Maison de l&#8217;Histoire Per Montserrat Cober\u00f3 i Farr\u00e9s Confer\u00e8ncia en llengua catalana basada en la biografia de Companys\u00a0i els problemes que van sorgir entre\u00a0la naixent Generalitat i el Govern Espanyol entre els anys 1930 i 1940.<\/p>\n","protected":false},"author":1,"featured_media":449,"comment_status":"open","ping_status":"open","sticky":false,"template":"","format":"standard","meta":{"footnotes":""},"categories":[1],"tags":[],"class_list":["post-447","post","type-post","status-publish","format-standard","has-post-thumbnail","hentry","category-general"],"_links":{"self":[{"href":"https:\/\/vallespir.cat\/index.php?rest_route=\/wp\/v2\/posts\/447","targetHints":{"allow":["GET"]}}],"collection":[{"href":"https:\/\/vallespir.cat\/index.php?rest_route=\/wp\/v2\/posts"}],"about":[{"href":"https:\/\/vallespir.cat\/index.php?rest_route=\/wp\/v2\/types\/post"}],"author":[{"embeddable":true,"href":"https:\/\/vallespir.cat\/index.php?rest_route=\/wp\/v2\/users\/1"}],"replies":[{"embeddable":true,"href":"https:\/\/vallespir.cat\/index.php?rest_route=%2Fwp%2Fv2%2Fcomments&post=447"}],"version-history":[{"count":1,"href":"https:\/\/vallespir.cat\/index.php?rest_route=\/wp\/v2\/posts\/447\/revisions"}],"predecessor-version":[{"id":450,"href":"https:\/\/vallespir.cat\/index.php?rest_route=\/wp\/v2\/posts\/447\/revisions\/450"}],"wp:featuredmedia":[{"embeddable":true,"href":"https:\/\/vallespir.cat\/index.php?rest_route=\/wp\/v2\/media\/449"}],"wp:attachment":[{"href":"https:\/\/vallespir.cat\/index.php?rest_route=%2Fwp%2Fv2%2Fmedia&parent=447"}],"wp:term":[{"taxonomy":"category","embeddable":true,"href":"https:\/\/vallespir.cat\/index.php?rest_route=%2Fwp%2Fv2%2Fcategories&post=447"},{"taxonomy":"post_tag","embeddable":true,"href":"https:\/\/vallespir.cat\/index.php?rest_route=%2Fwp%2Fv2%2Ftags&post=447"}],"curies":[{"name":"wp","href":"https:\/\/api.w.org\/{rel}","templated":true}]}}