{"id":478,"date":"2019-01-17T17:25:42","date_gmt":"2019-01-17T16:25:42","guid":{"rendered":"http:\/\/www.vallespir.cat\/?p=478"},"modified":"2019-01-17T17:25:42","modified_gmt":"2019-01-17T16:25:42","slug":"nomes-un-lloc-tranquil","status":"publish","type":"post","link":"https:\/\/vallespir.cat\/?p=478","title":{"rendered":"\u201cNom\u00e9s un lloc tranquil\u201d"},"content":{"rendered":"<h1 dir=\"auto\">\u201cNom\u00e9s un lloc tranquil\u201d<\/h1>\n<div dir=\"auto\">Una pe\u00e7a de teatre empordanovallespirenca dirigida per en Miquel Sargatal.<\/div>\n<div dir=\"auto\">Dues colles \u201cEls c\u00f2mics Teatre\u201d i \u201cEl galliner\u201d han aplegat llurs talents i amanit llurs mots per oferir-nos un tast exquisit llescat amb pa fresc de casa.<\/div>\n<div dir=\"auto\">Una col\u00b7laboraci\u00f3 que ofereix un nou espai per al teatre catal\u00e0, aqu\u00ed.<\/div>\n<div dir=\"auto\">Reflexions en tel\u00f3 de fons i rialles a la platea.<\/div>\n<div dir=\"auto\"><\/div>\n<div dir=\"auto\">Diumenge 20 de gener a les 4<\/div>\n<div dir=\"auto\">Sala de Festes<\/div>\n<div dir=\"auto\"><\/div>\n<div dir=\"auto\"><a href=\"http:\/\/www.vallespir.cat\/wp-content\/uploads\/2019\/01\/ccvv_170119_2.jpg\" rel=\"attachment wp-att-479\"><img loading=\"lazy\" decoding=\"async\" class=\"aligncenter size-medium wp-image-479\" src=\"http:\/\/www.vallespir.cat\/wp-content\/uploads\/2019\/01\/ccvv_170119_2-300x205.jpg\" alt=\"ccvv_170119_2\" width=\"300\" height=\"205\" srcset=\"https:\/\/vallespir.cat\/wp-content\/uploads\/2019\/01\/ccvv_170119_2-300x205.jpg 300w, https:\/\/vallespir.cat\/wp-content\/uploads\/2019\/01\/ccvv_170119_2-768x524.jpg 768w, https:\/\/vallespir.cat\/wp-content\/uploads\/2019\/01\/ccvv_170119_2-1024x699.jpg 1024w, https:\/\/vallespir.cat\/wp-content\/uploads\/2019\/01\/ccvv_170119_2.jpg 1600w\" sizes=\"auto, (max-width: 300px) 100vw, 300px\" \/><\/a><\/div>\n","protected":false},"excerpt":{"rendered":"<p>\u201cNom\u00e9s un lloc tranquil\u201d Una pe\u00e7a de teatre empordanovallespirenca dirigida per en Miquel Sargatal. Dues colles \u201cEls c\u00f2mics Teatre\u201d i \u201cEl galliner\u201d han aplegat llurs talents i amanit llurs mots per oferir-nos un tast exquisit llescat amb pa fresc de casa. Una col\u00b7laboraci\u00f3 que ofereix un nou espai per al teatre catal\u00e0, aqu\u00ed. Reflexions en [&hellip;]<\/p>\n","protected":false},"author":1,"featured_media":480,"comment_status":"open","ping_status":"open","sticky":false,"template":"","format":"standard","meta":{"footnotes":""},"categories":[1],"tags":[],"class_list":["post-478","post","type-post","status-publish","format-standard","has-post-thumbnail","hentry","category-general"],"_links":{"self":[{"href":"https:\/\/vallespir.cat\/index.php?rest_route=\/wp\/v2\/posts\/478","targetHints":{"allow":["GET"]}}],"collection":[{"href":"https:\/\/vallespir.cat\/index.php?rest_route=\/wp\/v2\/posts"}],"about":[{"href":"https:\/\/vallespir.cat\/index.php?rest_route=\/wp\/v2\/types\/post"}],"author":[{"embeddable":true,"href":"https:\/\/vallespir.cat\/index.php?rest_route=\/wp\/v2\/users\/1"}],"replies":[{"embeddable":true,"href":"https:\/\/vallespir.cat\/index.php?rest_route=%2Fwp%2Fv2%2Fcomments&post=478"}],"version-history":[{"count":1,"href":"https:\/\/vallespir.cat\/index.php?rest_route=\/wp\/v2\/posts\/478\/revisions"}],"predecessor-version":[{"id":481,"href":"https:\/\/vallespir.cat\/index.php?rest_route=\/wp\/v2\/posts\/478\/revisions\/481"}],"wp:featuredmedia":[{"embeddable":true,"href":"https:\/\/vallespir.cat\/index.php?rest_route=\/wp\/v2\/media\/480"}],"wp:attachment":[{"href":"https:\/\/vallespir.cat\/index.php?rest_route=%2Fwp%2Fv2%2Fmedia&parent=478"}],"wp:term":[{"taxonomy":"category","embeddable":true,"href":"https:\/\/vallespir.cat\/index.php?rest_route=%2Fwp%2Fv2%2Fcategories&post=478"},{"taxonomy":"post_tag","embeddable":true,"href":"https:\/\/vallespir.cat\/index.php?rest_route=%2Fwp%2Fv2%2Ftags&post=478"}],"curies":[{"name":"wp","href":"https:\/\/api.w.org\/{rel}","templated":true}]}}