{"id":482,"date":"2019-01-17T17:31:28","date_gmt":"2019-01-17T16:31:28","guid":{"rendered":"http:\/\/www.vallespir.cat\/?p=482"},"modified":"2019-01-17T17:39:47","modified_gmt":"2019-01-17T16:39:47","slug":"assemblea-general-del-cccv-2","status":"publish","type":"post","link":"https:\/\/vallespir.cat\/?p=482","title":{"rendered":"Assemblea General del CCCV"},"content":{"rendered":"<h1><\/h1>\n<h1>Assemblea General del CCCV<\/h1>\n<h2>Dijous 14 de febrer de 2019<\/h2>\n<p>Sala municipal del Pont de Reiners<br \/>\npresentaci\u00f3 de les activitats del 2018 i del projectes per aquest any<\/p>\n<div><\/div>\n<div><\/div>\n<div><\/div>\n<div><\/div>\n<h2>Cinema en catal\u00e0 a Ceret<\/h2>\n<div>Dijous 17 de gener de 2019<\/div>\n<div><\/div>\n<div><\/div>\n<div><\/div>\n<div><a href=\"http:\/\/www.vallespir.cat\/wp-content\/uploads\/2019\/01\/cinema.jpeg\" rel=\"attachment wp-att-487\"><img loading=\"lazy\" decoding=\"async\" class=\"aligncenter size-medium wp-image-487\" src=\"http:\/\/www.vallespir.cat\/wp-content\/uploads\/2019\/01\/cinema-300x300.jpeg\" alt=\"cinema\" width=\"300\" height=\"300\" srcset=\"https:\/\/vallespir.cat\/wp-content\/uploads\/2019\/01\/cinema-300x300.jpeg 300w, https:\/\/vallespir.cat\/wp-content\/uploads\/2019\/01\/cinema-150x150.jpeg 150w, https:\/\/vallespir.cat\/wp-content\/uploads\/2019\/01\/cinema.jpeg 768w\" sizes=\"auto, (max-width: 300px) 100vw, 300px\" \/><\/a><\/div>\n<div><\/div>\n<div>\n<h2>Teatre en catal\u00e0 a Arles<\/h2>\n<div>Diumenge 20 de gener de 2019<\/div>\n<\/div>\n<div><\/div>\n<div><\/div>\n<div><a href=\"http:\/\/www.vallespir.cat\/wp-content\/uploads\/2019\/01\/teatre.jpg\" rel=\"attachment wp-att-486\"><img loading=\"lazy\" decoding=\"async\" class=\"aligncenter size-medium wp-image-486\" src=\"http:\/\/www.vallespir.cat\/wp-content\/uploads\/2019\/01\/teatre-300x225.jpg\" alt=\"teatre\" width=\"300\" height=\"225\" srcset=\"https:\/\/vallespir.cat\/wp-content\/uploads\/2019\/01\/teatre-300x225.jpg 300w, https:\/\/vallespir.cat\/wp-content\/uploads\/2019\/01\/teatre-768x576.jpg 768w, https:\/\/vallespir.cat\/wp-content\/uploads\/2019\/01\/teatre-1024x768.jpg 1024w, https:\/\/vallespir.cat\/wp-content\/uploads\/2019\/01\/teatre.jpg 1200w\" sizes=\"auto, (max-width: 300px) 100vw, 300px\" \/><\/a><\/div>\n<div><\/div>\n<div><\/div>\n","protected":false},"excerpt":{"rendered":"<p>Assemblea General del CCCV Dijous 14 de febrer de 2019 Sala municipal del Pont de Reiners presentaci\u00f3 de les activitats del 2018 i del projectes per aquest any Cinema en catal\u00e0 a Ceret Dijous 17 de gener de 2019 Teatre en catal\u00e0 a Arles Diumenge 20 de gener de 2019<\/p>\n","protected":false},"author":1,"featured_media":484,"comment_status":"open","ping_status":"open","sticky":false,"template":"","format":"standard","meta":{"footnotes":""},"categories":[1],"tags":[],"class_list":["post-482","post","type-post","status-publish","format-standard","has-post-thumbnail","hentry","category-general"],"_links":{"self":[{"href":"https:\/\/vallespir.cat\/index.php?rest_route=\/wp\/v2\/posts\/482","targetHints":{"allow":["GET"]}}],"collection":[{"href":"https:\/\/vallespir.cat\/index.php?rest_route=\/wp\/v2\/posts"}],"about":[{"href":"https:\/\/vallespir.cat\/index.php?rest_route=\/wp\/v2\/types\/post"}],"author":[{"embeddable":true,"href":"https:\/\/vallespir.cat\/index.php?rest_route=\/wp\/v2\/users\/1"}],"replies":[{"embeddable":true,"href":"https:\/\/vallespir.cat\/index.php?rest_route=%2Fwp%2Fv2%2Fcomments&post=482"}],"version-history":[{"count":5,"href":"https:\/\/vallespir.cat\/index.php?rest_route=\/wp\/v2\/posts\/482\/revisions"}],"predecessor-version":[{"id":490,"href":"https:\/\/vallespir.cat\/index.php?rest_route=\/wp\/v2\/posts\/482\/revisions\/490"}],"wp:featuredmedia":[{"embeddable":true,"href":"https:\/\/vallespir.cat\/index.php?rest_route=\/wp\/v2\/media\/484"}],"wp:attachment":[{"href":"https:\/\/vallespir.cat\/index.php?rest_route=%2Fwp%2Fv2%2Fmedia&parent=482"}],"wp:term":[{"taxonomy":"category","embeddable":true,"href":"https:\/\/vallespir.cat\/index.php?rest_route=%2Fwp%2Fv2%2Fcategories&post=482"},{"taxonomy":"post_tag","embeddable":true,"href":"https:\/\/vallespir.cat\/index.php?rest_route=%2Fwp%2Fv2%2Ftags&post=482"}],"curies":[{"name":"wp","href":"https:\/\/api.w.org\/{rel}","templated":true}]}}