{"id":493,"date":"2019-04-01T18:08:31","date_gmt":"2019-04-01T16:08:31","guid":{"rendered":"http:\/\/www.vallespir.cat\/?p=493"},"modified":"2022-09-19T11:31:03","modified_gmt":"2022-09-19T09:31:03","slug":"a-la-venda-vallespir-14","status":"publish","type":"post","link":"https:\/\/vallespir.cat\/?p=493","title":{"rendered":"A la venda Vallespir 14"},"content":{"rendered":"<h2>Ja \u00e9s a la venda Vallespir 14.<\/h2>\n<p>En aquest n\u00famero hi trobareu entre d&#8217;altres:<\/p>\n<ul>\n<li>Homenatge a Pere Verdaguer per Miquela Valls<\/li>\n<li>&#8220;El cami de Sant Jaume&#8221; per Joan Pere Verg\u00e8s<\/li>\n<li>Escrits dels alumnes biling\u00fces de Ceret<\/li>\n<li>Hist\u00f2ria de Sant Guillem de Combret<\/li>\n<li>60\u00e8 aniversari del grup &#8220;Alegria&#8221; d&#8217;Arles<\/li>\n<li>El terratr\u00e8mol de Prats de Moll\u00f3 del 1772<\/li>\n<\/ul>\n","protected":false},"excerpt":{"rendered":"<p>Ja \u00e9s a la venda Vallespir 14. En aquest n\u00famero hi trobareu entre d&#8217;altres: Homenatge a Pere Verdaguer per Miquela Valls &#8220;El cami de Sant Jaume&#8221; per Joan Pere Verg\u00e8s Escrits dels alumnes biling\u00fces de Ceret Hist\u00f2ria de Sant Guillem de Combret 60\u00e8 aniversari del grup &#8220;Alegria&#8221; d&#8217;Arles El terratr\u00e8mol de Prats de Moll\u00f3 del [&hellip;]<\/p>\n","protected":false},"author":1,"featured_media":492,"comment_status":"open","ping_status":"open","sticky":false,"template":"","format":"standard","meta":{"footnotes":""},"categories":[1],"tags":[],"class_list":["post-493","post","type-post","status-publish","format-standard","has-post-thumbnail","hentry","category-general"],"_links":{"self":[{"href":"https:\/\/vallespir.cat\/index.php?rest_route=\/wp\/v2\/posts\/493","targetHints":{"allow":["GET"]}}],"collection":[{"href":"https:\/\/vallespir.cat\/index.php?rest_route=\/wp\/v2\/posts"}],"about":[{"href":"https:\/\/vallespir.cat\/index.php?rest_route=\/wp\/v2\/types\/post"}],"author":[{"embeddable":true,"href":"https:\/\/vallespir.cat\/index.php?rest_route=\/wp\/v2\/users\/1"}],"replies":[{"embeddable":true,"href":"https:\/\/vallespir.cat\/index.php?rest_route=%2Fwp%2Fv2%2Fcomments&post=493"}],"version-history":[{"count":1,"href":"https:\/\/vallespir.cat\/index.php?rest_route=\/wp\/v2\/posts\/493\/revisions"}],"predecessor-version":[{"id":494,"href":"https:\/\/vallespir.cat\/index.php?rest_route=\/wp\/v2\/posts\/493\/revisions\/494"}],"wp:featuredmedia":[{"embeddable":true,"href":"https:\/\/vallespir.cat\/index.php?rest_route=\/wp\/v2\/media\/492"}],"wp:attachment":[{"href":"https:\/\/vallespir.cat\/index.php?rest_route=%2Fwp%2Fv2%2Fmedia&parent=493"}],"wp:term":[{"taxonomy":"category","embeddable":true,"href":"https:\/\/vallespir.cat\/index.php?rest_route=%2Fwp%2Fv2%2Fcategories&post=493"},{"taxonomy":"post_tag","embeddable":true,"href":"https:\/\/vallespir.cat\/index.php?rest_route=%2Fwp%2Fv2%2Ftags&post=493"}],"curies":[{"name":"wp","href":"https:\/\/api.w.org\/{rel}","templated":true}]}}