{"id":55,"date":"2011-05-29T12:01:04","date_gmt":"2011-05-29T10:01:04","guid":{"rendered":"http:\/\/www.vallespir.cat\/?p=55"},"modified":"2012-06-27T16:36:19","modified_gmt":"2012-06-27T14:36:19","slug":"festa-major-del-vallespir-el-29-de-maig-de-2011","status":"publish","type":"post","link":"https:\/\/vallespir.cat\/?p=55","title":{"rendered":"Festa Major del Vallespir, el 29 de maig de 2011"},"content":{"rendered":"<p>El CCCV va aconseguir per primera vegada celebrar la Festa Major o Festa Gran de les associacions culturals catalanes del Vallespir el 29 de maig de 2011 a Arles de Tec, gr\u00e0cies a l\u2019ajut del seu batlle, el senyor Renat Bantoure, i a l\u2019abnegaci\u00f3 de la regidora de cultura, Maria Rosa Bouisset i vicepresidenta del CCCV. Era un projecte anhelat d\u2019en\u00e7\u00e0 de la creaci\u00f3 del CCCV l\u2019any 2004, que esdevenia finalment realitat set anys despr\u00e9s.<\/p>\n<p>Durant tot el dia, una trentena d&#8217;associacions van realitzar activitats.\u2028 Els sardanistes d&#8217;Arles van iniciar la diada, el grup Enraonem va oferir un recital de poesia i un tast de l&#8217;obra de teatre &#8220;Mal llamp la padrina&#8221; de Pere Guisset. &#8220;Una farsa medieval&#8221; va ser interpretada pel teatre Arlesenc i uns esquetxs at\u00edpics pel grup Fontfreda.\u2028 No van faltar les havaneres dels Mariners del Canig\u00f3, les danses del Grup Alegria d\u2019Arles, les sardanes de Cireres de Ceret i una cantada de l&#8217;Escola de Catal\u00e0. Nou de Trinca va fer demostracions del Joc de la Pilota.\u2028 Es va presentar la revista Vallespir i fer exposicions de fotos i llibres de Prats Endavant, Cortsav\u00ed Sempre, Focs de Sant Joan d&#8217;Arles i Reiners Patrimoni Cultural.\u2028 Van assistir a la jornada el comit\u00e8 Sant Jordi del Vol\u00f3, els Agermanaments Sant Lloren\u00e7-Tortell\u00e0, Reiners-Ma\u00e7anet i l&#8217;Orfe\u00f3 de Sant Lloren\u00e7. Certes associacions de l&#8217;Alt Empord\u00e0 eren presents, Padrins i Padrines de Ma\u00e7anet, Via Pirene de Vilaju\u00efga, Soca-rel d&#8217;Agullana i \u00d2mnium Cultural de Figueres.\u2028 Els castells dels Angelets del Vallespir i una gran sardana de germanor van cloure la diada amb el desig de repetir-la.<\/p>\n<p>(Text de Montserrat Cail\u00e0).<\/p>\n","protected":false},"excerpt":{"rendered":"<p>El CCCV va aconseguir per primera vegada celebrar la Festa Major o Festa Gran de les associacions culturals catalanes del Vallespir el 29 de maig de 2011 a Arles de Tec, gr\u00e0cies a l\u2019ajut del seu batlle, el senyor Renat Bantoure, i a l\u2019abnegaci\u00f3 de la regidora de cultura, Maria Rosa Bouisset i vicepresidenta del [&hellip;]<\/p>\n","protected":false},"author":1,"featured_media":101,"comment_status":"open","ping_status":"open","sticky":false,"template":"","format":"standard","meta":{"footnotes":""},"categories":[3,7],"tags":[],"class_list":["post-55","post","type-post","status-publish","format-standard","has-post-thumbnail","hentry","category-destacat","category-festes-catalanes"],"_links":{"self":[{"href":"https:\/\/vallespir.cat\/index.php?rest_route=\/wp\/v2\/posts\/55","targetHints":{"allow":["GET"]}}],"collection":[{"href":"https:\/\/vallespir.cat\/index.php?rest_route=\/wp\/v2\/posts"}],"about":[{"href":"https:\/\/vallespir.cat\/index.php?rest_route=\/wp\/v2\/types\/post"}],"author":[{"embeddable":true,"href":"https:\/\/vallespir.cat\/index.php?rest_route=\/wp\/v2\/users\/1"}],"replies":[{"embeddable":true,"href":"https:\/\/vallespir.cat\/index.php?rest_route=%2Fwp%2Fv2%2Fcomments&post=55"}],"version-history":[{"count":9,"href":"https:\/\/vallespir.cat\/index.php?rest_route=\/wp\/v2\/posts\/55\/revisions"}],"predecessor-version":[{"id":105,"href":"https:\/\/vallespir.cat\/index.php?rest_route=\/wp\/v2\/posts\/55\/revisions\/105"}],"wp:featuredmedia":[{"embeddable":true,"href":"https:\/\/vallespir.cat\/index.php?rest_route=\/wp\/v2\/media\/101"}],"wp:attachment":[{"href":"https:\/\/vallespir.cat\/index.php?rest_route=%2Fwp%2Fv2%2Fmedia&parent=55"}],"wp:term":[{"taxonomy":"category","embeddable":true,"href":"https:\/\/vallespir.cat\/index.php?rest_route=%2Fwp%2Fv2%2Fcategories&post=55"},{"taxonomy":"post_tag","embeddable":true,"href":"https:\/\/vallespir.cat\/index.php?rest_route=%2Fwp%2Fv2%2Ftags&post=55"}],"curies":[{"name":"wp","href":"https:\/\/api.w.org\/{rel}","templated":true}]}}