{"id":592,"date":"2023-09-28T12:31:12","date_gmt":"2023-09-28T10:31:12","guid":{"rendered":"http:\/\/www.vallespir.cat\/?p=592"},"modified":"2023-09-28T12:31:12","modified_gmt":"2023-09-28T10:31:12","slug":"11a-festa-transfronterera","status":"publish","type":"post","link":"https:\/\/vallespir.cat\/?p=592","title":{"rendered":"11\u00aa Festa Transfronterera"},"content":{"rendered":"<div class=\"elementToProof\">CAT&#8217;FESTA<\/div>\n<div class=\"elementToProof\">\n<p class=\"ContentPasted0\">11\u00aa Festa Transfronterera i de les associacions Culturals Catalanes del Vallespir.<\/p>\n<p class=\"ContentPasted0\">Arles, dissabte 7 d\u2019octubre de 2023.<\/p>\n<p class=\"ContentPasted0\">A la sala de festes, de les 10 del mat\u00ed fins a les 5 de la tarda.<\/p>\n<p class=\"ContentPasted0\">Amb gegants, capgrossos, balls, can\u00e7ons, teatre, m\u00fasica, exposicions, venda de llibres&#8230;<\/p>\n<p class=\"ContentPasted0\">Homenatge a Fran\u00e7ois Ragot, padr\u00ed de la festa.<\/p>\n<p class=\"ContentPasted0\">Hi haur\u00e0 servei de bar i al migdia arrossada al preu de 18 euros.<\/p>\n<p class=\"ContentPasted0\">Entrada gratu\u00efta.<\/p>\n<\/div>\n","protected":false},"excerpt":{"rendered":"<p>CAT&#8217;FESTA 11\u00aa Festa Transfronterera i de les associacions Culturals Catalanes del Vallespir. Arles, dissabte 7 d\u2019octubre de 2023. A la sala de festes, de les 10 del mat\u00ed fins a les 5 de la tarda. Amb gegants, capgrossos, balls, can\u00e7ons, teatre, m\u00fasica, exposicions, venda de llibres&#8230; Homenatge a Fran\u00e7ois Ragot, padr\u00ed de la festa. Hi [&hellip;]<\/p>\n","protected":false},"author":1,"featured_media":593,"comment_status":"open","ping_status":"open","sticky":false,"template":"","format":"standard","meta":{"footnotes":""},"categories":[3],"tags":[],"class_list":["post-592","post","type-post","status-publish","format-standard","has-post-thumbnail","hentry","category-destacat"],"_links":{"self":[{"href":"https:\/\/vallespir.cat\/index.php?rest_route=\/wp\/v2\/posts\/592","targetHints":{"allow":["GET"]}}],"collection":[{"href":"https:\/\/vallespir.cat\/index.php?rest_route=\/wp\/v2\/posts"}],"about":[{"href":"https:\/\/vallespir.cat\/index.php?rest_route=\/wp\/v2\/types\/post"}],"author":[{"embeddable":true,"href":"https:\/\/vallespir.cat\/index.php?rest_route=\/wp\/v2\/users\/1"}],"replies":[{"embeddable":true,"href":"https:\/\/vallespir.cat\/index.php?rest_route=%2Fwp%2Fv2%2Fcomments&post=592"}],"version-history":[{"count":1,"href":"https:\/\/vallespir.cat\/index.php?rest_route=\/wp\/v2\/posts\/592\/revisions"}],"predecessor-version":[{"id":594,"href":"https:\/\/vallespir.cat\/index.php?rest_route=\/wp\/v2\/posts\/592\/revisions\/594"}],"wp:featuredmedia":[{"embeddable":true,"href":"https:\/\/vallespir.cat\/index.php?rest_route=\/wp\/v2\/media\/593"}],"wp:attachment":[{"href":"https:\/\/vallespir.cat\/index.php?rest_route=%2Fwp%2Fv2%2Fmedia&parent=592"}],"wp:term":[{"taxonomy":"category","embeddable":true,"href":"https:\/\/vallespir.cat\/index.php?rest_route=%2Fwp%2Fv2%2Fcategories&post=592"},{"taxonomy":"post_tag","embeddable":true,"href":"https:\/\/vallespir.cat\/index.php?rest_route=%2Fwp%2Fv2%2Ftags&post=592"}],"curies":[{"name":"wp","href":"https:\/\/api.w.org\/{rel}","templated":true}]}}