{"id":625,"date":"2025-07-01T16:05:12","date_gmt":"2025-07-01T14:05:12","guid":{"rendered":"http:\/\/www.vallespir.cat\/?p=625"},"modified":"2025-07-01T16:05:12","modified_gmt":"2025-07-01T14:05:12","slug":"catfesta-2025","status":"publish","type":"post","link":"https:\/\/vallespir.cat\/?p=625","title":{"rendered":"CAT&#8217;FESTA 2025"},"content":{"rendered":"<div class=\"elementToProof\">13\u00aa Festa Transfronterera i de les associacions Culturals Catalanes del Vallespir.<\/div>\n<div class=\"elementToProof\">Arles, diumenge 14 de setembre de 2025<\/div>\n<div>Sala de festes, des de les 10 del mat\u00ed<\/div>\n<div class=\"elementToProof\"><b>Cant, m\u00fasica i ball catal\u00e0<\/b><\/div>\n<div class=\"elementToProof\"><b><br \/>\n<\/b><\/div>\n<div class=\"elementToProof\">Homenatge al grup folkl\u00f2ric Alegria d\u2019Arles, padrins de la festa<\/div>\n<div class=\"elementToProof\">Danses, can\u00e7ons, teatre, m\u00fasica, exposicions, venda de llibres&#8230;<\/div>\n<div class=\"elementToProof\">Servei de bar i al migdia dinar de germanor al preu de 20 euros<\/div>\n<div>Entrada gratu\u00efta<\/div>\n","protected":false},"excerpt":{"rendered":"<p>13\u00aa Festa Transfronterera i de les associacions Culturals Catalanes del Vallespir. Arles, diumenge 14 de setembre de 2025 Sala de festes, des de les 10 del mat\u00ed Cant, m\u00fasica i ball catal\u00e0 Homenatge al grup folkl\u00f2ric Alegria d\u2019Arles, padrins de la festa Danses, can\u00e7ons, teatre, m\u00fasica, exposicions, venda de llibres&#8230; Servei de bar i al [&hellip;]<\/p>\n","protected":false},"author":1,"featured_media":626,"comment_status":"open","ping_status":"open","sticky":false,"template":"","format":"standard","meta":{"footnotes":""},"categories":[3],"tags":[],"class_list":["post-625","post","type-post","status-publish","format-standard","has-post-thumbnail","hentry","category-destacat"],"_links":{"self":[{"href":"https:\/\/vallespir.cat\/index.php?rest_route=\/wp\/v2\/posts\/625","targetHints":{"allow":["GET"]}}],"collection":[{"href":"https:\/\/vallespir.cat\/index.php?rest_route=\/wp\/v2\/posts"}],"about":[{"href":"https:\/\/vallespir.cat\/index.php?rest_route=\/wp\/v2\/types\/post"}],"author":[{"embeddable":true,"href":"https:\/\/vallespir.cat\/index.php?rest_route=\/wp\/v2\/users\/1"}],"replies":[{"embeddable":true,"href":"https:\/\/vallespir.cat\/index.php?rest_route=%2Fwp%2Fv2%2Fcomments&post=625"}],"version-history":[{"count":1,"href":"https:\/\/vallespir.cat\/index.php?rest_route=\/wp\/v2\/posts\/625\/revisions"}],"predecessor-version":[{"id":627,"href":"https:\/\/vallespir.cat\/index.php?rest_route=\/wp\/v2\/posts\/625\/revisions\/627"}],"wp:featuredmedia":[{"embeddable":true,"href":"https:\/\/vallespir.cat\/index.php?rest_route=\/wp\/v2\/media\/626"}],"wp:attachment":[{"href":"https:\/\/vallespir.cat\/index.php?rest_route=%2Fwp%2Fv2%2Fmedia&parent=625"}],"wp:term":[{"taxonomy":"category","embeddable":true,"href":"https:\/\/vallespir.cat\/index.php?rest_route=%2Fwp%2Fv2%2Fcategories&post=625"},{"taxonomy":"post_tag","embeddable":true,"href":"https:\/\/vallespir.cat\/index.php?rest_route=%2Fwp%2Fv2%2Ftags&post=625"}],"curies":[{"name":"wp","href":"https:\/\/api.w.org\/{rel}","templated":true}]}}