{"id":630,"date":"2025-09-24T15:32:46","date_gmt":"2025-09-24T13:32:46","guid":{"rendered":"http:\/\/www.vallespir.cat\/?p=630"},"modified":"2025-09-24T15:34:49","modified_gmt":"2025-09-24T13:34:49","slug":"informacio-dels-cursos-de-catala-i-activitats-en-catala-al-vallespir","status":"publish","type":"post","link":"https:\/\/vallespir.cat\/?p=630","title":{"rendered":"Informaci\u00f3 dels cursos de catal\u00e0 i activitats en catal\u00e0 al Vallespir"},"content":{"rendered":"<p>Organitzats pel Casal Catal\u00e0 del Vol\u00f3, l&#8217;Escola de Catal\u00e0 de Ceret, el Centre Cultural Catal\u00e0 del Vallespir i \u00d2mnium Cultural<\/p>\n<p><a href=\"http:\/\/www.vallespir.cat\/wp-content\/uploads\/2025\/09\/Agenda-setmanal-revisat-12-9-25.png\" rel=\"attachment wp-att-629\"><img loading=\"lazy\" decoding=\"async\" class=\"aligncenter size-large wp-image-629\" src=\"http:\/\/www.vallespir.cat\/wp-content\/uploads\/2025\/09\/Agenda-setmanal-revisat-12-9-25-1024x542.png\" alt=\"Agenda setmanal revisat 12 9 25\" width=\"1024\" height=\"542\" srcset=\"https:\/\/vallespir.cat\/wp-content\/uploads\/2025\/09\/Agenda-setmanal-revisat-12-9-25-1024x542.png 1024w, https:\/\/vallespir.cat\/wp-content\/uploads\/2025\/09\/Agenda-setmanal-revisat-12-9-25-300x159.png 300w, https:\/\/vallespir.cat\/wp-content\/uploads\/2025\/09\/Agenda-setmanal-revisat-12-9-25-768x406.png 768w, https:\/\/vallespir.cat\/wp-content\/uploads\/2025\/09\/Agenda-setmanal-revisat-12-9-25.png 1272w\" sizes=\"auto, (max-width: 1024px) 100vw, 1024px\" \/><\/a><\/p>\n","protected":false},"excerpt":{"rendered":"<p>Organitzats pel Casal Catal\u00e0 del Vol\u00f3, l&#8217;Escola de Catal\u00e0 de Ceret, el Centre Cultural Catal\u00e0 del Vallespir i \u00d2mnium Cultural<\/p>\n","protected":false},"author":1,"featured_media":629,"comment_status":"open","ping_status":"open","sticky":false,"template":"","format":"standard","meta":{"footnotes":""},"categories":[1],"tags":[],"class_list":["post-630","post","type-post","status-publish","format-standard","has-post-thumbnail","hentry","category-general"],"_links":{"self":[{"href":"https:\/\/vallespir.cat\/index.php?rest_route=\/wp\/v2\/posts\/630","targetHints":{"allow":["GET"]}}],"collection":[{"href":"https:\/\/vallespir.cat\/index.php?rest_route=\/wp\/v2\/posts"}],"about":[{"href":"https:\/\/vallespir.cat\/index.php?rest_route=\/wp\/v2\/types\/post"}],"author":[{"embeddable":true,"href":"https:\/\/vallespir.cat\/index.php?rest_route=\/wp\/v2\/users\/1"}],"replies":[{"embeddable":true,"href":"https:\/\/vallespir.cat\/index.php?rest_route=%2Fwp%2Fv2%2Fcomments&post=630"}],"version-history":[{"count":2,"href":"https:\/\/vallespir.cat\/index.php?rest_route=\/wp\/v2\/posts\/630\/revisions"}],"predecessor-version":[{"id":632,"href":"https:\/\/vallespir.cat\/index.php?rest_route=\/wp\/v2\/posts\/630\/revisions\/632"}],"wp:featuredmedia":[{"embeddable":true,"href":"https:\/\/vallespir.cat\/index.php?rest_route=\/wp\/v2\/media\/629"}],"wp:attachment":[{"href":"https:\/\/vallespir.cat\/index.php?rest_route=%2Fwp%2Fv2%2Fmedia&parent=630"}],"wp:term":[{"taxonomy":"category","embeddable":true,"href":"https:\/\/vallespir.cat\/index.php?rest_route=%2Fwp%2Fv2%2Fcategories&post=630"},{"taxonomy":"post_tag","embeddable":true,"href":"https:\/\/vallespir.cat\/index.php?rest_route=%2Fwp%2Fv2%2Ftags&post=630"}],"curies":[{"name":"wp","href":"https:\/\/api.w.org\/{rel}","templated":true}]}}